{"id":41333,"date":"2024-12-30T22:47:38","date_gmt":"2024-12-31T02:47:38","guid":{"rendered":"https:\/\/ciudadtrujillo.com\/?p=41333"},"modified":"2024-12-30T22:47:38","modified_gmt":"2024-12-31T02:47:38","slug":"la-alegria-navidena-se-sintio-en-el-parque-los-ilustres-de-valera","status":"publish","type":"post","link":"https:\/\/ciudadtrujillo.com\/?p=41333","title":{"rendered":"La alegr\u00eda navide\u00f1a se sinti\u00f3 en el Parque Los Ilustres de Valera"},"content":{"rendered":"<p style=\"text-align: justify;\">Este viernes la Gobernaci\u00f3n del estado Trujillo a trav\u00e9s del Instituto de la Cultura y las Artes (Incaet), celebr\u00f3 con m\u00fasica y danza un Parrand\u00f3n Navide\u00f1o en las hermosas instalaciones del Parque Los Ilustres de Valera.<\/p>\n<p style=\"text-align: justify;\">En esta oportunidad el p\u00fablico disfrut\u00f3 de la actuaci\u00f3n musical de las agrupaciones \u201cRafa y sus amigos\u201d, \u201cGaiteros de Valera\u201d, el Coro \u201cAprendiendo a Vivir Mejor\u201d y la Escuela de Ballet y Danza \u201cGladys Mota\u201d, patrimonio cultural desde el a\u00f1o 2009.<\/p>\n<p style=\"text-align: justify;\">La celebraci\u00f3n cont\u00f3 con la presencia del profesor Temistocles Cabezas Morales, autoridad \u00fanica de Cultura y de Ang\u00e9lica D\u2019Santiago, directora general del Incaet, cumpliendo con las directrices del Gobernador, My. Gerardo M\u00e1rquez, de avivar las tradiciones navide\u00f1as y llevar alegr\u00eda a las familias trujillanas.<\/p>\n<p style=\"text-align: justify;\">Adultos y ni\u00f1os disfrutaron de este encuentro para despedir diciembre y dar paso a un nuevo a\u00f1o en armon\u00eda, uni\u00f3n familiar y hermandad.<\/p>\n<p style=\"text-align: justify;\">Cabe destacar que desde principios del mes de diciembre el Incaet viene realizando de manera permanente estas actividades, reforzando la tradici\u00f3n de los parrandones venezolanos, programaci\u00f3n que se mantendr\u00e1n hasta principios de enero.<\/p>\n<p>&nbsp;<\/p>\n<h6>Prensa Incaet \/ Griselda Castellanos\/Gr\u00e1ficas: Leivys Verhooks<\/h6>\n","protected":false},"excerpt":{"rendered":"<p>Este viernes la Gobernaci\u00f3n del estado Trujillo a trav\u00e9s del Instituto de la Cultura y las Artes (Incaet), celebr\u00f3 con m\u00fasica y danza un Parrand\u00f3n Navide\u00f1o en las hermosas instalaciones&hellip; <\/p>\n","protected":false},"author":7,"featured_media":41334,"comment_status":"closed","ping_status":"closed","sticky":false,"template":"","format":"standard","meta":{"footnotes":""},"categories":[40],"tags":[],"class_list":["post-41333","post","type-post","status-publish","format-standard","has-post-thumbnail","hentry","category-grantrujillo"],"_links":{"self":[{"href":"https:\/\/ciudadtrujillo.com\/index.php?rest_route=\/wp\/v2\/posts\/41333","targetHints":{"allow":["GET"]}}],"collection":[{"href":"https:\/\/ciudadtrujillo.com\/index.php?rest_route=\/wp\/v2\/posts"}],"about":[{"href":"https:\/\/ciudadtrujillo.com\/index.php?rest_route=\/wp\/v2\/types\/post"}],"author":[{"embeddable":true,"href":"https:\/\/ciudadtrujillo.com\/index.php?rest_route=\/wp\/v2\/users\/7"}],"replies":[{"embeddable":true,"href":"https:\/\/ciudadtrujillo.com\/index.php?rest_route=%2Fwp%2Fv2%2Fcomments&post=41333"}],"version-history":[{"count":1,"href":"https:\/\/ciudadtrujillo.com\/index.php?rest_route=\/wp\/v2\/posts\/41333\/revisions"}],"predecessor-version":[{"id":41335,"href":"https:\/\/ciudadtrujillo.com\/index.php?rest_route=\/wp\/v2\/posts\/41333\/revisions\/41335"}],"wp:featuredmedia":[{"embeddable":true,"href":"https:\/\/ciudadtrujillo.com\/index.php?rest_route=\/wp\/v2\/media\/41334"}],"wp:attachment":[{"href":"https:\/\/ciudadtrujillo.com\/index.php?rest_route=%2Fwp%2Fv2%2Fmedia&parent=41333"}],"wp:term":[{"taxonomy":"category","embeddable":true,"href":"https:\/\/ciudadtrujillo.com\/index.php?rest_route=%2Fwp%2Fv2%2Fcategories&post=41333"},{"taxonomy":"post_tag","embeddable":true,"href":"https:\/\/ciudadtrujillo.com\/index.php?rest_route=%2Fwp%2Fv2%2Ftags&post=41333"}],"curies":[{"name":"wp","href":"https:\/\/api.w.org\/{rel}","templated":true}]}}