{"id":41320,"date":"2024-12-30T22:24:14","date_gmt":"2024-12-31T02:24:14","guid":{"rendered":"https:\/\/ciudadtrujillo.com\/?p=41320"},"modified":"2024-12-30T22:24:14","modified_gmt":"2024-12-31T02:24:14","slug":"en-la-ciudad-deportiva-de-valera-se-desarrollo-la-copa-navidad-de-levantamiento-de-pesas","status":"publish","type":"post","link":"https:\/\/ciudadtrujillo.com\/?p=41320","title":{"rendered":"En la Ciudad Deportiva de Valera se desarroll\u00f3 la Copa Navidad de Levantamiento de Pesas"},"content":{"rendered":"<p style=\"text-align: justify;\">Se llev\u00f3 a cabo con gran \u00e9xito la Copa Navidad de Levantamiento de Pesas, un evento que reuni\u00f3 a atletas destacados de diferentes categor\u00edas y edades. La competencia, que tuvo lugar en el Gimnasio Jes\u00fas \u00abTrompo\u00bb Gonz\u00e1lez de la Ciudad Deportiva \u00abLuis Loreto Lira\u00bb, fue una muestra del talento y la dedicaci\u00f3n de los pesistas de la entidad.<\/p>\n<p>La actividad, cont\u00f3 con los reconocimientos a diferentes atletas qu\u00e9 se destacaron en varias competencias, como lo fue la pesista Anyelin Venegas el cual logr\u00f3 el 4to Lugar y diploma ol\u00edmpico en Par\u00eds 2024.<\/p>\n<p>&nbsp;<\/p>\n<p>&nbsp;<\/p>\n<h6>Prensa Indet<\/h6>\n","protected":false},"excerpt":{"rendered":"<p>Se llev\u00f3 a cabo con gran \u00e9xito la Copa Navidad de Levantamiento de Pesas, un evento que reuni\u00f3 a atletas destacados de diferentes categor\u00edas y edades. La competencia, que tuvo&hellip; <\/p>\n","protected":false},"author":7,"featured_media":41321,"comment_status":"closed","ping_status":"closed","sticky":false,"template":"","format":"standard","meta":{"footnotes":""},"categories":[40],"tags":[],"class_list":["post-41320","post","type-post","status-publish","format-standard","has-post-thumbnail","hentry","category-grantrujillo"],"_links":{"self":[{"href":"https:\/\/ciudadtrujillo.com\/index.php?rest_route=\/wp\/v2\/posts\/41320","targetHints":{"allow":["GET"]}}],"collection":[{"href":"https:\/\/ciudadtrujillo.com\/index.php?rest_route=\/wp\/v2\/posts"}],"about":[{"href":"https:\/\/ciudadtrujillo.com\/index.php?rest_route=\/wp\/v2\/types\/post"}],"author":[{"embeddable":true,"href":"https:\/\/ciudadtrujillo.com\/index.php?rest_route=\/wp\/v2\/users\/7"}],"replies":[{"embeddable":true,"href":"https:\/\/ciudadtrujillo.com\/index.php?rest_route=%2Fwp%2Fv2%2Fcomments&post=41320"}],"version-history":[{"count":1,"href":"https:\/\/ciudadtrujillo.com\/index.php?rest_route=\/wp\/v2\/posts\/41320\/revisions"}],"predecessor-version":[{"id":41322,"href":"https:\/\/ciudadtrujillo.com\/index.php?rest_route=\/wp\/v2\/posts\/41320\/revisions\/41322"}],"wp:featuredmedia":[{"embeddable":true,"href":"https:\/\/ciudadtrujillo.com\/index.php?rest_route=\/wp\/v2\/media\/41321"}],"wp:attachment":[{"href":"https:\/\/ciudadtrujillo.com\/index.php?rest_route=%2Fwp%2Fv2%2Fmedia&parent=41320"}],"wp:term":[{"taxonomy":"category","embeddable":true,"href":"https:\/\/ciudadtrujillo.com\/index.php?rest_route=%2Fwp%2Fv2%2Fcategories&post=41320"},{"taxonomy":"post_tag","embeddable":true,"href":"https:\/\/ciudadtrujillo.com\/index.php?rest_route=%2Fwp%2Fv2%2Ftags&post=41320"}],"curies":[{"name":"wp","href":"https:\/\/api.w.org\/{rel}","templated":true}]}}