{"id":41265,"date":"2024-12-26T19:38:51","date_gmt":"2024-12-26T23:38:51","guid":{"rendered":"https:\/\/ciudadtrujillo.com\/?p=41265"},"modified":"2024-12-26T19:38:51","modified_gmt":"2024-12-26T23:38:51","slug":"gobierno-de-trujillo-realiza-acostumbrado-compartir-navideno-en-el-sapnnaet","status":"publish","type":"post","link":"https:\/\/ciudadtrujillo.com\/?p=41265","title":{"rendered":"Gobierno de Trujillo realiza acostumbrado compartir navide\u00f1o en el Sapnnaet"},"content":{"rendered":"<p style=\"text-align: justify;\">Desde los espacios del Servicio Administrativo de Protecci\u00f3n al Ni\u00f1o, Ni\u00f1a y Adolescente del estado Trujillo (Sapnnaet) se llev\u00f3 a cabo el pasado 24 de diciembre el acostumbrado compartir navide\u00f1o con el Semillero de la Patria asistido en la referida Entidad de Atenci\u00f3n.<\/p>\n<p style=\"text-align: justify;\">El gobernador Gerardo M\u00e1rquez, junto a la primera combatiente Reyna P\u00e9rez de M\u00e1rquez y directores de gobierno, acompa\u00f1aron el almuerzo navide\u00f1o organizando por el personal de la instituci\u00f3n, liderada por la My. Mar\u00eda Almaz\u00e1n, para llevar alegr\u00eda decembrina a los ni\u00f1os, ni\u00f1as y adolescentes.<\/p>\n<p style=\"text-align: justify;\">Tambi\u00e9n, el acto fue propicio para efectuar la entrega de juguetes a los m\u00e1s peque\u00f1os, en aras de garantizar su felicidad e ilusi\u00f3n en estas fechas especiales, como parte de los lineamientos orientados por el Presidente Nicol\u00e1s Maduro.<\/p>\n<p>&nbsp;<\/p>\n<p>&nbsp;<\/p>\n<h6>Prensa Sapnnaet\/Gr\u00e1ficas: David Vasquez<\/h6>\n","protected":false},"excerpt":{"rendered":"<p>Desde los espacios del Servicio Administrativo de Protecci\u00f3n al Ni\u00f1o, Ni\u00f1a y Adolescente del estado Trujillo (Sapnnaet) se llev\u00f3 a cabo el pasado 24 de diciembre el acostumbrado compartir navide\u00f1o&hellip; <\/p>\n","protected":false},"author":7,"featured_media":41266,"comment_status":"closed","ping_status":"closed","sticky":false,"template":"","format":"standard","meta":{"footnotes":""},"categories":[40],"tags":[],"class_list":["post-41265","post","type-post","status-publish","format-standard","has-post-thumbnail","hentry","category-grantrujillo"],"_links":{"self":[{"href":"https:\/\/ciudadtrujillo.com\/index.php?rest_route=\/wp\/v2\/posts\/41265","targetHints":{"allow":["GET"]}}],"collection":[{"href":"https:\/\/ciudadtrujillo.com\/index.php?rest_route=\/wp\/v2\/posts"}],"about":[{"href":"https:\/\/ciudadtrujillo.com\/index.php?rest_route=\/wp\/v2\/types\/post"}],"author":[{"embeddable":true,"href":"https:\/\/ciudadtrujillo.com\/index.php?rest_route=\/wp\/v2\/users\/7"}],"replies":[{"embeddable":true,"href":"https:\/\/ciudadtrujillo.com\/index.php?rest_route=%2Fwp%2Fv2%2Fcomments&post=41265"}],"version-history":[{"count":1,"href":"https:\/\/ciudadtrujillo.com\/index.php?rest_route=\/wp\/v2\/posts\/41265\/revisions"}],"predecessor-version":[{"id":41267,"href":"https:\/\/ciudadtrujillo.com\/index.php?rest_route=\/wp\/v2\/posts\/41265\/revisions\/41267"}],"wp:featuredmedia":[{"embeddable":true,"href":"https:\/\/ciudadtrujillo.com\/index.php?rest_route=\/wp\/v2\/media\/41266"}],"wp:attachment":[{"href":"https:\/\/ciudadtrujillo.com\/index.php?rest_route=%2Fwp%2Fv2%2Fmedia&parent=41265"}],"wp:term":[{"taxonomy":"category","embeddable":true,"href":"https:\/\/ciudadtrujillo.com\/index.php?rest_route=%2Fwp%2Fv2%2Fcategories&post=41265"},{"taxonomy":"post_tag","embeddable":true,"href":"https:\/\/ciudadtrujillo.com\/index.php?rest_route=%2Fwp%2Fv2%2Ftags&post=41265"}],"curies":[{"name":"wp","href":"https:\/\/api.w.org\/{rel}","templated":true}]}}