{"id":41250,"date":"2024-12-26T18:47:26","date_gmt":"2024-12-26T22:47:26","guid":{"rendered":"https:\/\/ciudadtrujillo.com\/?p=41250"},"modified":"2024-12-26T18:47:26","modified_gmt":"2024-12-26T22:47:26","slug":"lavrov-destaca-relaciones-de-cooperacion-de-rusia-con-paises-de-latinoamerica","status":"publish","type":"post","link":"https:\/\/ciudadtrujillo.com\/?p=41250","title":{"rendered":"Lavrov destaca relaciones de cooperaci\u00f3n de Rusia con pa\u00edses de Latinoam\u00e9rica"},"content":{"rendered":"<p style=\"text-align: justify;\">El ministro de Asuntos Exteriores de Rusia, Sergu\u00e9i Lavrov, afirm\u00f3 este jueves que las relaciones de su pa\u00eds con naciones de Latinoam\u00e9rica y el Caribe son \u201chist\u00f3ricamente amistosas\u201d y destac\u00f3 la disposici\u00f3n de profundizar la cooperaci\u00f3n en diversas \u00e1reas.<\/p>\n<p style=\"text-align: justify;\">En declaraciones a la prensa, el canciller asever\u00f3 que estas relaciones est\u00e1n basadas en la igualdad, beneficio y respeto mutuo, sin ideolog\u00edas ni doctrinas.<\/p>\n<p style=\"text-align: justify;\">\u201cLas relaciones entre Rusia y los pa\u00edses de Am\u00e9rica Latina y el Caribe son hist\u00f3ricamente amistosas. Los rusos y los latinoamericanos tienen una simpat\u00eda mutua que se refleja tambi\u00e9n en la actitud hacia la cultura mundial y las culturas de cada uno. Esto une realmente a nuestros pueblos\u201d, manifest\u00f3.<\/p>\n<p style=\"text-align: justify;\">Lavrov resalt\u00f3 que actualmente han recibido se\u00f1ales de inter\u00e9s por fortalecer y ampliar la cooperaci\u00f3n con Rusia de \u201cla gran mayor\u00eda de los pa\u00edses latinoamericanos\u201d.<\/p>\n<p style=\"text-align: justify;\">\u201cTambi\u00e9n estamos desarrollando r\u00e1pidamente el di\u00e1logo sobre cuestiones pol\u00edticas, econ\u00f3micas, culturales y humanitarias a trav\u00e9s de los canales diplom\u00e1ticos\u201d, acot\u00f3.<\/p>\n<p>&nbsp;<\/p>\n<p>&nbsp;<\/p>\n<h6>\u00daltimas Noticias<\/h6>\n","protected":false},"excerpt":{"rendered":"<p>El ministro de Asuntos Exteriores de Rusia, Sergu\u00e9i Lavrov, afirm\u00f3 este jueves que las relaciones de su pa\u00eds con naciones de Latinoam\u00e9rica y el Caribe son \u201chist\u00f3ricamente amistosas\u201d y destac\u00f3&hellip; <\/p>\n","protected":false},"author":7,"featured_media":41251,"comment_status":"closed","ping_status":"closed","sticky":false,"template":"","format":"standard","meta":{"footnotes":""},"categories":[42],"tags":[],"class_list":["post-41250","post","type-post","status-publish","format-standard","has-post-thumbnail","hentry","category-mundo"],"_links":{"self":[{"href":"https:\/\/ciudadtrujillo.com\/index.php?rest_route=\/wp\/v2\/posts\/41250","targetHints":{"allow":["GET"]}}],"collection":[{"href":"https:\/\/ciudadtrujillo.com\/index.php?rest_route=\/wp\/v2\/posts"}],"about":[{"href":"https:\/\/ciudadtrujillo.com\/index.php?rest_route=\/wp\/v2\/types\/post"}],"author":[{"embeddable":true,"href":"https:\/\/ciudadtrujillo.com\/index.php?rest_route=\/wp\/v2\/users\/7"}],"replies":[{"embeddable":true,"href":"https:\/\/ciudadtrujillo.com\/index.php?rest_route=%2Fwp%2Fv2%2Fcomments&post=41250"}],"version-history":[{"count":1,"href":"https:\/\/ciudadtrujillo.com\/index.php?rest_route=\/wp\/v2\/posts\/41250\/revisions"}],"predecessor-version":[{"id":41252,"href":"https:\/\/ciudadtrujillo.com\/index.php?rest_route=\/wp\/v2\/posts\/41250\/revisions\/41252"}],"wp:featuredmedia":[{"embeddable":true,"href":"https:\/\/ciudadtrujillo.com\/index.php?rest_route=\/wp\/v2\/media\/41251"}],"wp:attachment":[{"href":"https:\/\/ciudadtrujillo.com\/index.php?rest_route=%2Fwp%2Fv2%2Fmedia&parent=41250"}],"wp:term":[{"taxonomy":"category","embeddable":true,"href":"https:\/\/ciudadtrujillo.com\/index.php?rest_route=%2Fwp%2Fv2%2Fcategories&post=41250"},{"taxonomy":"post_tag","embeddable":true,"href":"https:\/\/ciudadtrujillo.com\/index.php?rest_route=%2Fwp%2Fv2%2Ftags&post=41250"}],"curies":[{"name":"wp","href":"https:\/\/api.w.org\/{rel}","templated":true}]}}