{"id":41244,"date":"2024-12-26T15:07:50","date_gmt":"2024-12-26T19:07:50","guid":{"rendered":"https:\/\/ciudadtrujillo.com\/?p=41244"},"modified":"2024-12-26T15:07:50","modified_gmt":"2024-12-26T19:07:50","slug":"efectuada-segunda-ruta-turistica-cultural-de-los-pesebres-bocono-2024","status":"publish","type":"post","link":"https:\/\/ciudadtrujillo.com\/?p=41244","title":{"rendered":"Efectuada segunda ruta tur\u00edstica cultural de los Pesebres Bocon\u00f3 2024"},"content":{"rendered":"<p style=\"text-align: justify;\">Por segundo a\u00f1o consecutivo, cerca de 30 hogares y templos del Jard\u00edn de Venezuela fueron escenario de la Segunda Ruta Tur\u00edstica Cultural de los Pesebres Bocon\u00f3 2024, con la participaci\u00f3n de grupos de aguinaldos, villancicos, la Corporaci\u00f3n Trujillana de Turismo, el Instituto Nacional de Turismo (Inatur) y el pueblo de las parroquias El Carmen, Bocon\u00f3, San Jos\u00e9 de Tost\u00f3s y Rafael Rangel.<\/p>\n<p style=\"text-align: justify;\">La autoridad \u00fanica de Turismo, Mar\u00eda Gabriela Albornoz, resalt\u00f3 que la tradici\u00f3n de los pesebres en el municipio Bocon\u00f3 es un tesoro cultural que merece ser compartido y preservado, es por ello que desde las carteras de turismo se impulsa la costumbre en los hogares en compa\u00f1\u00eda de la iglesia cat\u00f3lica.<\/p>\n<p style=\"text-align: justify;\">\u201cEstamos orgullosos de ser trujillanos y desde la parroquia San Jos\u00e9 de Tost\u00f3s junto a los ni\u00f1os iniciamos la Segunda Ruta Tur\u00edstica Cultural de los Pesebres Bocon\u00f3 2024. El objetivo es seguir fortaleciendo las tradiciones decembrinas del estado Trujillo, desde la elaboraci\u00f3n de los pesebres acompa\u00f1ados de la m\u00fasica tradicional como son los aguinaldos y villancicos\u201d, expres\u00f3.<\/p>\n<p style=\"text-align: justify;\">A\u00f1adi\u00f3 que en esta ruta el pesebre m\u00e1s peque\u00f1o ocupaba la mitad de la sala de una de las familias visitadas.<\/p>\n<p style=\"text-align: justify;\">Record\u00f3 que esta actividad fue organizada por la Corporaci\u00f3n Trujillana de Turismo y el Instituto Nacional de Turismo con el apoyo del gobierno bolivariano, en la cual las familias participantes recibieron un reconocimiento y una calcoman\u00eda que marca su integraci\u00f3n a esta ruta cultural afianzando las tradiciones decembrinas que van de generaci\u00f3n en generaci\u00f3n en la entidad.<\/p>\n<p style=\"text-align: justify;\">\u201cParticiparon cerca de 30 familias con una experiencia de m\u00e1s de 30 a\u00f1os haciendo el pesebre como herencia de los abuelos, de los padres, de las tradiciones familiares; durante los d\u00edas 18, 19 y 20 de diciembre estuvimos recorriendo cuatro parroquias del municipio Bocon\u00f3\u201d, puntualiz\u00f3.<\/p>\n<h3 style=\"text-align: justify;\">Creatividad y devoci\u00f3n<\/h3>\n<p style=\"text-align: justify;\">En la parroquia San Jos\u00e9 de Tost\u00f3s la visita a seis hermosos pesebres fue acompa\u00f1ada por el grupo de villancicos Sentir Tostosense, entre ellos el de la iglesia, las familias Paredes, \u00c1ngel, Brice\u00f1o, Mendoza y Arcila.<\/p>\n<p style=\"text-align: justify;\">La se\u00f1ora Maritza Paredes coment\u00f3 que su t\u00eda la ense\u00f1\u00f3 a adorar al ni\u00f1o Jes\u00fas y por muchos a\u00f1os elabor\u00f3 el pesebre de la iglesia; \u201cella me dej\u00f3 de herencia esta devoci\u00f3n que continuamos cada a\u00f1o en familia\u201d, dijo.<\/p>\n<p style=\"text-align: justify;\">Por su parte, el presb\u00edtero Ronald Araujo, p\u00e1rroco de la iglesia San Jos\u00e9 de Tost\u00f3s, invit\u00f3 al pueblo venezolano a mantener viva la tradici\u00f3n del pesebre en los hogares y en los corazones.<\/p>\n<p style=\"text-align: justify;\">\u201cHacemos una invitaci\u00f3n a todas las familias venezolanas, a todo el colectivo trujillano para que nos motivemos a realizar nuestro pesebre, para que mantengamos viva las tradiciones que vienen de nuestros antepasados, para que expresemos con fe ese amor que le tenemos a Dios. En Los Andes venezolanos nos caracterizamos por ser familias unidas, sentarnos alrededor del pesebre de Bel\u00e9n y contemplar la figura de Jes\u00fas que es el salvador del mundo, que trae la paz, la unidad y la reconciliaci\u00f3n\u201d, enfatiz\u00f3 el sacerdote.<\/p>\n<p style=\"text-align: justify;\">Igualmente, en las parroquias El Carmen y Bocon\u00f3 participaron m\u00e1s de 15 familias quienes mostraron su amor por la navidad en la exposici\u00f3n de su portal de Bel\u00e9n, entre ellas las familias Hern\u00e1ndez, Rodr\u00edguez, Valera Pe\u00f1a, Andueza, Gudi\u00f1o Cabezas, Araujo, Hidalgo, as\u00ed como los templos Nuestra Se\u00f1ora de El Carmen y el Santuario Diocesano San Alejo.<\/p>\n<p style=\"text-align: justify;\">Cabe destacar que en cada uno de los pesebres se observ\u00f3 la creatividad, la religiosidad, el amor y la fe de un pueblo que de generaci\u00f3n en generaci\u00f3n mantiene esta tradici\u00f3n.<\/p>\n<p>&nbsp;<\/p>\n<h6>\u00daltimas Noticias\/Gr\u00e1ficas: Cortes\u00eda<\/h6>\n","protected":false},"excerpt":{"rendered":"<p>Por segundo a\u00f1o consecutivo, cerca de 30 hogares y templos del Jard\u00edn de Venezuela fueron escenario de la Segunda Ruta Tur\u00edstica Cultural de los Pesebres Bocon\u00f3 2024, con la participaci\u00f3n&hellip; <\/p>\n","protected":false},"author":7,"featured_media":41245,"comment_status":"closed","ping_status":"closed","sticky":false,"template":"","format":"standard","meta":{"footnotes":""},"categories":[40],"tags":[],"class_list":["post-41244","post","type-post","status-publish","format-standard","has-post-thumbnail","hentry","category-grantrujillo"],"_links":{"self":[{"href":"https:\/\/ciudadtrujillo.com\/index.php?rest_route=\/wp\/v2\/posts\/41244","targetHints":{"allow":["GET"]}}],"collection":[{"href":"https:\/\/ciudadtrujillo.com\/index.php?rest_route=\/wp\/v2\/posts"}],"about":[{"href":"https:\/\/ciudadtrujillo.com\/index.php?rest_route=\/wp\/v2\/types\/post"}],"author":[{"embeddable":true,"href":"https:\/\/ciudadtrujillo.com\/index.php?rest_route=\/wp\/v2\/users\/7"}],"replies":[{"embeddable":true,"href":"https:\/\/ciudadtrujillo.com\/index.php?rest_route=%2Fwp%2Fv2%2Fcomments&post=41244"}],"version-history":[{"count":1,"href":"https:\/\/ciudadtrujillo.com\/index.php?rest_route=\/wp\/v2\/posts\/41244\/revisions"}],"predecessor-version":[{"id":41246,"href":"https:\/\/ciudadtrujillo.com\/index.php?rest_route=\/wp\/v2\/posts\/41244\/revisions\/41246"}],"wp:featuredmedia":[{"embeddable":true,"href":"https:\/\/ciudadtrujillo.com\/index.php?rest_route=\/wp\/v2\/media\/41245"}],"wp:attachment":[{"href":"https:\/\/ciudadtrujillo.com\/index.php?rest_route=%2Fwp%2Fv2%2Fmedia&parent=41244"}],"wp:term":[{"taxonomy":"category","embeddable":true,"href":"https:\/\/ciudadtrujillo.com\/index.php?rest_route=%2Fwp%2Fv2%2Fcategories&post=41244"},{"taxonomy":"post_tag","embeddable":true,"href":"https:\/\/ciudadtrujillo.com\/index.php?rest_route=%2Fwp%2Fv2%2Ftags&post=41244"}],"curies":[{"name":"wp","href":"https:\/\/api.w.org\/{rel}","templated":true}]}}