{"id":41210,"date":"2024-12-23T20:18:13","date_gmt":"2024-12-24T00:18:13","guid":{"rendered":"https:\/\/ciudadtrujillo.com\/?p=41210"},"modified":"2024-12-23T20:18:13","modified_gmt":"2024-12-24T00:18:13","slug":"fanb-defiende-soberania-de-la-guayana-esequiba","status":"publish","type":"post","link":"https:\/\/ciudadtrujillo.com\/?p=41210","title":{"rendered":"Fanb defiende soberan\u00eda de la Guayana Esequiba"},"content":{"rendered":"<p>El Gobierno venezolano construy\u00f3, en los l\u00edmites con la Guayana Esequiba, una escuela rural integral y un ambulatorio tipo I, destinados a mejorar la atenci\u00f3n social de la poblaci\u00f3n local.<\/p>\n<p>Venezuela hab\u00eda inaugurado el pasado jueves un puente fijo sobre el r\u00edo Cuyun\u00ed en la isla de Anacoco dentro de los esfuerzos del Gobierno venezolano por reafirmar su soberan\u00eda sobre esa regi\u00f3n en disputa.<\/p>\n<p>El ministro para la Defensa, Padrino L\u00f3pez, subray\u00f3 que esas iniciativas son parte de un compromiso para reafirmar la soberan\u00eda de Venezuela sobre el Esequibo.<\/p>\n<p>Declar\u00f3 que \u201cla intenci\u00f3n no es ocupar militarmente los espacios, eso es un concepto equivocado que se ha tratado de manipular. La Fuerza Armada Nacional Bolivariana hemos venido aqu\u00ed a impulsar el desarrollo nacional\u201d, agreg\u00f3 Padrino L\u00f3pez.<\/p>\n<p>&nbsp;<\/p>\n<p>&nbsp;<\/p>\n<h6>\u00daltimas Noticias<\/h6>\n","protected":false},"excerpt":{"rendered":"<p>El Gobierno venezolano construy\u00f3, en los l\u00edmites con la Guayana Esequiba, una escuela rural integral y un ambulatorio tipo I, destinados a mejorar la atenci\u00f3n social de la poblaci\u00f3n local.&hellip; <\/p>\n","protected":false},"author":7,"featured_media":41211,"comment_status":"closed","ping_status":"closed","sticky":false,"template":"","format":"standard","meta":{"footnotes":""},"categories":[41],"tags":[],"class_list":["post-41210","post","type-post","status-publish","format-standard","has-post-thumbnail","hentry","category-pais"],"_links":{"self":[{"href":"https:\/\/ciudadtrujillo.com\/index.php?rest_route=\/wp\/v2\/posts\/41210","targetHints":{"allow":["GET"]}}],"collection":[{"href":"https:\/\/ciudadtrujillo.com\/index.php?rest_route=\/wp\/v2\/posts"}],"about":[{"href":"https:\/\/ciudadtrujillo.com\/index.php?rest_route=\/wp\/v2\/types\/post"}],"author":[{"embeddable":true,"href":"https:\/\/ciudadtrujillo.com\/index.php?rest_route=\/wp\/v2\/users\/7"}],"replies":[{"embeddable":true,"href":"https:\/\/ciudadtrujillo.com\/index.php?rest_route=%2Fwp%2Fv2%2Fcomments&post=41210"}],"version-history":[{"count":1,"href":"https:\/\/ciudadtrujillo.com\/index.php?rest_route=\/wp\/v2\/posts\/41210\/revisions"}],"predecessor-version":[{"id":41212,"href":"https:\/\/ciudadtrujillo.com\/index.php?rest_route=\/wp\/v2\/posts\/41210\/revisions\/41212"}],"wp:featuredmedia":[{"embeddable":true,"href":"https:\/\/ciudadtrujillo.com\/index.php?rest_route=\/wp\/v2\/media\/41211"}],"wp:attachment":[{"href":"https:\/\/ciudadtrujillo.com\/index.php?rest_route=%2Fwp%2Fv2%2Fmedia&parent=41210"}],"wp:term":[{"taxonomy":"category","embeddable":true,"href":"https:\/\/ciudadtrujillo.com\/index.php?rest_route=%2Fwp%2Fv2%2Fcategories&post=41210"},{"taxonomy":"post_tag","embeddable":true,"href":"https:\/\/ciudadtrujillo.com\/index.php?rest_route=%2Fwp%2Fv2%2Ftags&post=41210"}],"curies":[{"name":"wp","href":"https:\/\/api.w.org\/{rel}","templated":true}]}}