{"id":41202,"date":"2024-12-22T18:46:35","date_gmt":"2024-12-22T22:46:35","guid":{"rendered":"https:\/\/ciudadtrujillo.com\/?p=41202"},"modified":"2024-12-22T18:46:35","modified_gmt":"2024-12-22T22:46:35","slug":"trujillanos-disfrutaron-de-parrandon-en-visperas-de-la-navidad","status":"publish","type":"post","link":"https:\/\/ciudadtrujillo.com\/?p=41202","title":{"rendered":"Trujillanos disfrutaron de parrand\u00f3n en v\u00edsperas de la Navidad"},"content":{"rendered":"<p style=\"text-align: justify;\">Impregnados por el Esp\u00edritu de la Navidad, los trujillanos disfrutaron del gran parrand\u00f3n en la Av. Bol\u00edvar de Valera, quienes bailaron al ritmo de la m\u00fasica de artistas reconocidos.<\/p>\n<p style=\"text-align: justify;\">Dicho evento, impulsado por el gobernador Gerardo M\u00e1rquez con apoyo del Presidente Nicol\u00e1s Maduro, cont\u00f3 con la participaci\u00f3n de artistas de talla nacional como Mabel Yeah, Gio Fern\u00e1ndez y Afro Criollo, adem\u00e1s de la presentaci\u00f3n regional de Gaiteros de T\u00edo Pollo y el grupo musical Tormento, quienes fueron los encargados de hacer vibrar el escenario.<\/p>\n<p style=\"text-align: justify;\">Durante el parrand\u00f3n la primera combatiente de la entidad, Reyna P\u00e9rez de M\u00e1rquez, indic\u00f3 que como parte de las fiestas decembrinas el gobierno regional propici\u00f3 un parrand\u00f3n navide\u00f1o para el festejo de propios y visitantes. \u00abEn este mes de reconciliaci\u00f3n quiero invitarle a todas las familias trujillanas a permanecer en uni\u00f3n, amor y paz\u00bb, finaliz\u00f3.<\/p>\n<p style=\"text-align: justify;\">Por su parte, la trujillana Mar\u00eda Jos\u00e9 Figueroa expres\u00f3 que en v\u00edsperas de la Navidad su deseo para el pueblo es que reciban un 2025 lleno de prosperidad y en uni\u00f3n familiar.<\/p>\n<p>&nbsp;<\/p>\n<p>&nbsp;<\/p>\n<h6>Rossiel Hurtado\/Gr\u00e1ficas: David V\u00e1squez<\/h6>\n","protected":false},"excerpt":{"rendered":"<p>Impregnados por el Esp\u00edritu de la Navidad, los trujillanos disfrutaron del gran parrand\u00f3n en la Av. Bol\u00edvar de Valera, quienes bailaron al ritmo de la m\u00fasica de artistas reconocidos. Dicho&hellip; <\/p>\n","protected":false},"author":7,"featured_media":41203,"comment_status":"closed","ping_status":"closed","sticky":false,"template":"","format":"standard","meta":{"footnotes":""},"categories":[40],"tags":[],"class_list":["post-41202","post","type-post","status-publish","format-standard","has-post-thumbnail","hentry","category-grantrujillo"],"_links":{"self":[{"href":"https:\/\/ciudadtrujillo.com\/index.php?rest_route=\/wp\/v2\/posts\/41202","targetHints":{"allow":["GET"]}}],"collection":[{"href":"https:\/\/ciudadtrujillo.com\/index.php?rest_route=\/wp\/v2\/posts"}],"about":[{"href":"https:\/\/ciudadtrujillo.com\/index.php?rest_route=\/wp\/v2\/types\/post"}],"author":[{"embeddable":true,"href":"https:\/\/ciudadtrujillo.com\/index.php?rest_route=\/wp\/v2\/users\/7"}],"replies":[{"embeddable":true,"href":"https:\/\/ciudadtrujillo.com\/index.php?rest_route=%2Fwp%2Fv2%2Fcomments&post=41202"}],"version-history":[{"count":1,"href":"https:\/\/ciudadtrujillo.com\/index.php?rest_route=\/wp\/v2\/posts\/41202\/revisions"}],"predecessor-version":[{"id":41204,"href":"https:\/\/ciudadtrujillo.com\/index.php?rest_route=\/wp\/v2\/posts\/41202\/revisions\/41204"}],"wp:featuredmedia":[{"embeddable":true,"href":"https:\/\/ciudadtrujillo.com\/index.php?rest_route=\/wp\/v2\/media\/41203"}],"wp:attachment":[{"href":"https:\/\/ciudadtrujillo.com\/index.php?rest_route=%2Fwp%2Fv2%2Fmedia&parent=41202"}],"wp:term":[{"taxonomy":"category","embeddable":true,"href":"https:\/\/ciudadtrujillo.com\/index.php?rest_route=%2Fwp%2Fv2%2Fcategories&post=41202"},{"taxonomy":"post_tag","embeddable":true,"href":"https:\/\/ciudadtrujillo.com\/index.php?rest_route=%2Fwp%2Fv2%2Ftags&post=41202"}],"curies":[{"name":"wp","href":"https:\/\/api.w.org\/{rel}","templated":true}]}}