{"id":41156,"date":"2024-12-19T18:03:46","date_gmt":"2024-12-19T22:03:46","guid":{"rendered":"https:\/\/ciudadtrujillo.com\/?p=41156"},"modified":"2024-12-19T18:03:46","modified_gmt":"2024-12-19T22:03:46","slug":"putin-solo-firmaria-un-acuerdo-de-paz-con-ucrania-si-apartan-a-zelenski","status":"publish","type":"post","link":"https:\/\/ciudadtrujillo.com\/?p=41156","title":{"rendered":"Putin solo firmar\u00eda un acuerdo de paz con Ucrania si apartan a Zelenski"},"content":{"rendered":"<p style=\"text-align: justify;\">En el marco del marat\u00f3n televisado de preguntas y respuestas que hace balance del a\u00f1o, el presidente ruso, Vlad\u00edmir Putin, ha respondido a la pregunta de con qui\u00e9n en Kiev estar\u00eda dispuesto a firmar un eventual acuerdo de paz para solucionar el conflicto. En este sentido, Putin record\u00f3 que el l\u00edder del r\u00e9gimen ucraniano, Vlad\u00edmir Zelenski, perdi\u00f3 su legitimidad al no convocar las elecciones presidenciales a su debido tiempo.<\/p>\n<p style=\"text-align: justify;\">\u201cSolo podemos firmar con las partes leg\u00edtimas, y los leg\u00edtimos ahora son la Rada (Parlamento) y el presidente de la Rada\u201d, dijo Putin en referencia al Parlamento de Ucrania.<\/p>\n<p style=\"text-align: justify;\">\u201cSe trata de una cuesti\u00f3n puramente formal y jur\u00eddica. Dentro [en Ucrania] pueden organizarlo como quieran, pero si alguna vez llegamos al punto de firmar los acuerdos, solo podremos firmar con los representantes leg\u00edtimos de las autoridades\u201d, reiter\u00f3.<\/p>\n<p style=\"text-align: justify;\">\u201cEn la Constituci\u00f3n de Ucrania no hay ninguna indicaci\u00f3n sobre la posibilidad de extender los poderes del presidente, ni siquiera bajo la ley marcial\u201d, hizo hincapi\u00e9.<\/p>\n<p style=\"text-align: justify;\">\u201cSolo hay un \u00f3rgano de poder \u2014\u00f3rgano de poder representativo, el consejo, es decir, la Rada\u2014, cuyos poderes pueden extenderse sin elecciones bajo la ley marcial; repito es la Rada\u201d, subray\u00f3 Putin.<\/p>\n<p style=\"text-align: justify;\">El mandatario ruso se\u00f1al\u00f3 que la estructura estatal en Ucrania prev\u00e9 la formaci\u00f3n de una serie de \u00f3rganos gubernamentales por el presidente del pa\u00eds, incluidos los jefes de regiones y el directorio de todos los organismos encargados de hacer cumplir la ley.<\/p>\n<p style=\"text-align: justify;\">\u201cPero si la primera persona no es leg\u00edtima, entonces todo lo dem\u00e1s tambi\u00e9n pierde su legitimidad en esta l\u00ednea de las autoridades ejecutivas y las fuerzas del orden\u201d, resalt\u00f3 Putin. \u201cY en todo lo que hacen, ejecutando sus \u00f3rdenes, saben que son c\u00f3mplices de esta actividad ileg\u00edtima\u201d, agreg\u00f3.<\/p>\n<p style=\"text-align: justify;\">Por otra parte, el presidente ruso subray\u00f3 que Rusia tambi\u00e9n firmar\u00eda un eventual acuerdo con Zelenski, pero solo en el caso de que concurra a las urnas y obtenga la legitimidad. \u201cSi alguien se presenta a las elecciones y obtiene la legitimidad, hablaremos con cualquier persona, incluido Zelenski\u201d, indic\u00f3<\/p>\n<p>&nbsp;<\/p>\n<p>&nbsp;<\/p>\n<h6>\u00daltimas Noticias<\/h6>\n","protected":false},"excerpt":{"rendered":"<p>En el marco del marat\u00f3n televisado de preguntas y respuestas que hace balance del a\u00f1o, el presidente ruso, Vlad\u00edmir Putin, ha respondido a la pregunta de con qui\u00e9n en Kiev&hellip; <\/p>\n","protected":false},"author":7,"featured_media":41157,"comment_status":"closed","ping_status":"closed","sticky":false,"template":"","format":"standard","meta":{"footnotes":""},"categories":[42],"tags":[],"class_list":["post-41156","post","type-post","status-publish","format-standard","has-post-thumbnail","hentry","category-mundo"],"_links":{"self":[{"href":"https:\/\/ciudadtrujillo.com\/index.php?rest_route=\/wp\/v2\/posts\/41156","targetHints":{"allow":["GET"]}}],"collection":[{"href":"https:\/\/ciudadtrujillo.com\/index.php?rest_route=\/wp\/v2\/posts"}],"about":[{"href":"https:\/\/ciudadtrujillo.com\/index.php?rest_route=\/wp\/v2\/types\/post"}],"author":[{"embeddable":true,"href":"https:\/\/ciudadtrujillo.com\/index.php?rest_route=\/wp\/v2\/users\/7"}],"replies":[{"embeddable":true,"href":"https:\/\/ciudadtrujillo.com\/index.php?rest_route=%2Fwp%2Fv2%2Fcomments&post=41156"}],"version-history":[{"count":1,"href":"https:\/\/ciudadtrujillo.com\/index.php?rest_route=\/wp\/v2\/posts\/41156\/revisions"}],"predecessor-version":[{"id":41158,"href":"https:\/\/ciudadtrujillo.com\/index.php?rest_route=\/wp\/v2\/posts\/41156\/revisions\/41158"}],"wp:featuredmedia":[{"embeddable":true,"href":"https:\/\/ciudadtrujillo.com\/index.php?rest_route=\/wp\/v2\/media\/41157"}],"wp:attachment":[{"href":"https:\/\/ciudadtrujillo.com\/index.php?rest_route=%2Fwp%2Fv2%2Fmedia&parent=41156"}],"wp:term":[{"taxonomy":"category","embeddable":true,"href":"https:\/\/ciudadtrujillo.com\/index.php?rest_route=%2Fwp%2Fv2%2Fcategories&post=41156"},{"taxonomy":"post_tag","embeddable":true,"href":"https:\/\/ciudadtrujillo.com\/index.php?rest_route=%2Fwp%2Fv2%2Ftags&post=41156"}],"curies":[{"name":"wp","href":"https:\/\/api.w.org\/{rel}","templated":true}]}}