{"id":41153,"date":"2024-12-19T17:59:15","date_gmt":"2024-12-19T21:59:15","guid":{"rendered":"https:\/\/ciudadtrujillo.com\/?p=41153"},"modified":"2024-12-19T17:59:15","modified_gmt":"2024-12-19T21:59:15","slug":"delcy-rodriguez-afirma-que-el-10e-honraremos-al-pueblo-venezolano-que-decidio-por-la-paz","status":"publish","type":"post","link":"https:\/\/ciudadtrujillo.com\/?p=41153","title":{"rendered":"Delcy Rodr\u00edguez afirma que \u201cel 10E honraremos al pueblo venezolano que decidi\u00f3 por la paz\u201d"},"content":{"rendered":"<p style=\"text-align: justify;\">La vicepresidenta de Venezuela, Delcy Rodr\u00edguez G\u00f3mez, anunci\u00f3 este mi\u00e9rcoles que el 10 de enero del pr\u00f3ximo a\u00f1o honrar\u00e1n al pueblo venezolano que decidi\u00f3 por la paz y el futuro pr\u00f3spero de la Naci\u00f3n.<\/p>\n<p style=\"text-align: justify;\">En un mensaje publicado en su canal de Telegram, la vicemandataria expres\u00f3: \u201c\u00a1El 10 de enero honraremos al pueblo venezolano que decidi\u00f3 por la paz y el futuro pr\u00f3spero de la naci\u00f3n!\u201d.<\/p>\n<p style=\"text-align: justify;\">\u201cSellaremos una p\u00e1gina m\u00e1s de nuestra historia en la defensa colectiva de nuestro pa\u00eds, al juramentar al Presidente Nicol\u00e1s Maduro Moros para el periodo 2025\/2031\u201d, mencion\u00f3.<\/p>\n<p style=\"text-align: justify;\">Agreg\u00f3 que \u201ccelebraremos el triunfo de la paz sobre el fascismo, expresada en las elecciones del 28 de julio de este a\u00f1o, para garantizar la soberan\u00eda y el derecho sagrado a la autodeterminaci\u00f3n de nuestro pueblo\u201d.<\/p>\n<p style=\"text-align: justify;\">La vicemandataria Rodr\u00edguez detall\u00f3 que este mi\u00e9rcoles encabez\u00f3 una reuni\u00f3n con los ministros del Gobierno nacional \u201cpara revisar los detalles de las actividades que tendremos en este d\u00eda que engalanar\u00e1 a Venezuela\u201d.<\/p>\n<p style=\"text-align: justify;\">En las elecciones celebradas el 28 de julio pasado, el presidente Nicol\u00e1s Maduro, postulado por el Partido Socialista Unido de Venezuela (PSUV) y Gran Polo Patri\u00f3tico (GPP), fue reelecto con 6.408.844 votos, equivalente al 51.95 por ciento del total.<\/p>\n<p style=\"text-align: justify;\">De acuerdo con lo que establece la Constituci\u00f3n nacional, el mandatario acudir\u00e1 el 10 de enero pr\u00f3ximo a la sede de la Asamblea Nacional para juramentarse como presidente de la Rep\u00fablica Bolivariana de Venezuela, para el per\u00edodo 2025-2031.<\/p>\n<p>&nbsp;<\/p>\n<p>&nbsp;<\/p>\n<h6>Telesur<\/h6>\n","protected":false},"excerpt":{"rendered":"<p>La vicepresidenta de Venezuela, Delcy Rodr\u00edguez G\u00f3mez, anunci\u00f3 este mi\u00e9rcoles que el 10 de enero del pr\u00f3ximo a\u00f1o honrar\u00e1n al pueblo venezolano que decidi\u00f3 por la paz y el futuro&hellip; <\/p>\n","protected":false},"author":7,"featured_media":41154,"comment_status":"closed","ping_status":"closed","sticky":false,"template":"","format":"standard","meta":{"footnotes":""},"categories":[41],"tags":[],"class_list":["post-41153","post","type-post","status-publish","format-standard","has-post-thumbnail","hentry","category-pais"],"_links":{"self":[{"href":"https:\/\/ciudadtrujillo.com\/index.php?rest_route=\/wp\/v2\/posts\/41153","targetHints":{"allow":["GET"]}}],"collection":[{"href":"https:\/\/ciudadtrujillo.com\/index.php?rest_route=\/wp\/v2\/posts"}],"about":[{"href":"https:\/\/ciudadtrujillo.com\/index.php?rest_route=\/wp\/v2\/types\/post"}],"author":[{"embeddable":true,"href":"https:\/\/ciudadtrujillo.com\/index.php?rest_route=\/wp\/v2\/users\/7"}],"replies":[{"embeddable":true,"href":"https:\/\/ciudadtrujillo.com\/index.php?rest_route=%2Fwp%2Fv2%2Fcomments&post=41153"}],"version-history":[{"count":1,"href":"https:\/\/ciudadtrujillo.com\/index.php?rest_route=\/wp\/v2\/posts\/41153\/revisions"}],"predecessor-version":[{"id":41155,"href":"https:\/\/ciudadtrujillo.com\/index.php?rest_route=\/wp\/v2\/posts\/41153\/revisions\/41155"}],"wp:featuredmedia":[{"embeddable":true,"href":"https:\/\/ciudadtrujillo.com\/index.php?rest_route=\/wp\/v2\/media\/41154"}],"wp:attachment":[{"href":"https:\/\/ciudadtrujillo.com\/index.php?rest_route=%2Fwp%2Fv2%2Fmedia&parent=41153"}],"wp:term":[{"taxonomy":"category","embeddable":true,"href":"https:\/\/ciudadtrujillo.com\/index.php?rest_route=%2Fwp%2Fv2%2Fcategories&post=41153"},{"taxonomy":"post_tag","embeddable":true,"href":"https:\/\/ciudadtrujillo.com\/index.php?rest_route=%2Fwp%2Fv2%2Ftags&post=41153"}],"curies":[{"name":"wp","href":"https:\/\/api.w.org\/{rel}","templated":true}]}}