{"id":41141,"date":"2024-12-18T22:15:30","date_gmt":"2024-12-19T02:15:30","guid":{"rendered":"https:\/\/ciudadtrujillo.com\/?p=41141"},"modified":"2024-12-18T22:15:30","modified_gmt":"2024-12-19T02:15:30","slug":"hoy-se-realizara-gran-concierto-de-navidad-para-el-disfrute-de-las-familias-en-el-municipio-capital","status":"publish","type":"post","link":"https:\/\/ciudadtrujillo.com\/?p=41141","title":{"rendered":"Hoy se realizar\u00e1 Gran Concierto de Navidad para el disfrute de las familias en el municipio capital"},"content":{"rendered":"<p style=\"text-align: justify;\">Por tercer a\u00f1o consecutivo el Gobierno Bolivariano de Trujillo, a trav\u00e9s del Instituto de la Cultura y las Artes de la entidad, en uni\u00f3n con el Gabinete de Cultura le regalar\u00e1 al pueblo trujillano el Gran Concierto de Navidad, que se realizar\u00e1 hoy jueves 19 de diciembre en la plaza Bol\u00edvar de Trujillo, a partir de las 5 de la tarde.<\/p>\n<p style=\"text-align: justify;\">As\u00ed lo dio a conocer el profesor Tem\u00edstocles Cabezas, autoridad \u00fanica de la Cultura en el estado, quien exhort\u00f3 a los trujillanos a disfrutar de este encuentro, el cual \u00abser\u00e1 espect\u00e1culo de un alto nivel musical, que estar\u00e1 encabezado por la Banda Oficial de Conciertos Laudelino Mej\u00edas y el Sistema Nacional de Orquestas, n\u00facleo Trujillo acompa\u00f1ados de invitados de altura\u00bb.<\/p>\n<p style=\"text-align: justify;\">M\u00e1s de 100 m\u00fasicos compartir\u00e1n la escena. En esta oportunidad, la Banda Laudelino y la Orquesta estar\u00e1n acompa\u00f1ados por la agrupaci\u00f3n Cantores de Luz, la Orquestas Latino Caribe\u00f1a, el Coro Regional del Sistema y el programa \u201cSim\u00f3n Bol\u00edvar\u201d, n\u00facleo Trujillo.<\/p>\n<p style=\"text-align: justify;\">Es importante acotar, que este concierto es parte de las propuestas desarrolladas por el gobernador Gerardo M\u00e1rquez, para brindarle a todos los trujillanos unas felices navidades, repletas de alegr\u00edas, colorido, luces y mucho sano disfrute, en consonancia con las orientaciones del Presidente Nicol\u00e1s Maduro.<\/p>\n<p style=\"text-align: justify;\">Las luces de la plaza brillar\u00e1n mientras que cuerdas, vientos y percusi\u00f3n se fusionar\u00e1n en una melod\u00eda que pondr\u00e1 a todos a celebrar la navidad. Como en el 2022 y en el 2023, m\u00e1s de un centenar de m\u00fasicos se har\u00e1n escuchar por todo Trujillo, con aguinaldos, gaitas, villancicos y parrandas, todo como parte de un gran regalo de navidad para los trujillanos.}<\/p>\n<p>&nbsp;<\/p>\n<p>&nbsp;<\/p>\n<h6>Prensa Incaet \/ Viviana Cegarra Soto\/Gr\u00e1ficas: Archivo.-<\/h6>\n","protected":false},"excerpt":{"rendered":"<p>Por tercer a\u00f1o consecutivo el Gobierno Bolivariano de Trujillo, a trav\u00e9s del Instituto de la Cultura y las Artes de la entidad, en uni\u00f3n con el Gabinete de Cultura le&hellip; <\/p>\n","protected":false},"author":7,"featured_media":41142,"comment_status":"closed","ping_status":"closed","sticky":false,"template":"","format":"standard","meta":{"footnotes":""},"categories":[40],"tags":[],"class_list":["post-41141","post","type-post","status-publish","format-standard","has-post-thumbnail","hentry","category-grantrujillo"],"_links":{"self":[{"href":"https:\/\/ciudadtrujillo.com\/index.php?rest_route=\/wp\/v2\/posts\/41141","targetHints":{"allow":["GET"]}}],"collection":[{"href":"https:\/\/ciudadtrujillo.com\/index.php?rest_route=\/wp\/v2\/posts"}],"about":[{"href":"https:\/\/ciudadtrujillo.com\/index.php?rest_route=\/wp\/v2\/types\/post"}],"author":[{"embeddable":true,"href":"https:\/\/ciudadtrujillo.com\/index.php?rest_route=\/wp\/v2\/users\/7"}],"replies":[{"embeddable":true,"href":"https:\/\/ciudadtrujillo.com\/index.php?rest_route=%2Fwp%2Fv2%2Fcomments&post=41141"}],"version-history":[{"count":1,"href":"https:\/\/ciudadtrujillo.com\/index.php?rest_route=\/wp\/v2\/posts\/41141\/revisions"}],"predecessor-version":[{"id":41143,"href":"https:\/\/ciudadtrujillo.com\/index.php?rest_route=\/wp\/v2\/posts\/41141\/revisions\/41143"}],"wp:featuredmedia":[{"embeddable":true,"href":"https:\/\/ciudadtrujillo.com\/index.php?rest_route=\/wp\/v2\/media\/41142"}],"wp:attachment":[{"href":"https:\/\/ciudadtrujillo.com\/index.php?rest_route=%2Fwp%2Fv2%2Fmedia&parent=41141"}],"wp:term":[{"taxonomy":"category","embeddable":true,"href":"https:\/\/ciudadtrujillo.com\/index.php?rest_route=%2Fwp%2Fv2%2Fcategories&post=41141"},{"taxonomy":"post_tag","embeddable":true,"href":"https:\/\/ciudadtrujillo.com\/index.php?rest_route=%2Fwp%2Fv2%2Ftags&post=41141"}],"curies":[{"name":"wp","href":"https:\/\/api.w.org\/{rel}","templated":true}]}}