{"id":41132,"date":"2024-12-18T22:03:30","date_gmt":"2024-12-19T02:03:30","guid":{"rendered":"https:\/\/ciudadtrujillo.com\/?p=41132"},"modified":"2024-12-18T22:03:30","modified_gmt":"2024-12-19T02:03:30","slug":"presidente-nicolas-maduro-ordena-reactivacion-del-grupo-de-combatientes-de-la-clase-obrera","status":"publish","type":"post","link":"https:\/\/ciudadtrujillo.com\/?p=41132","title":{"rendered":"Presidente Nicol\u00e1s Maduro ordena reactivaci\u00f3n del grupo de combatientes de la clase obrera"},"content":{"rendered":"<p style=\"text-align: justify;\">El Presidente de la Rep\u00fablica, Nicol\u00e1s Maduro, orden\u00f3 la reactivaci\u00f3n del grupo de combatientes de la clase obrera en un plan nuevo de defensa activa al derecho a la paz, a la producci\u00f3n y a la productividad.<\/p>\n<p style=\"text-align: justify;\">\u201cPueblos combatientes de la clase obrera: ustedes son hoy la primera brigada de milicianos y milicianas vencedores de Ayacucho (\u2026) Nada ni nadie perturbar\u00e1 el derecho a la felicidad, a las Navidades y A\u00f1o Nuevo en Paz, en Venezuela\u201d, reiter\u00f3.<\/p>\n<p style=\"text-align: justify;\">Maduro resalt\u00f3 que Venezuela cuenta con un sistema defensivo perfecto, legado de siglos de lucha \u201cdesde Guaicaipuro, de Jos\u00e9 Leonardo Chirinos, desde Bol\u00edvar, Negro Primero, Sucre, Urdaneta; desde nuestro General del pueblo y su Ej\u00e9rcito popular revolucionario Ezequiel Zamora (\u2026) Tomando las mejoras doctrinas universales como la del pueblo vietnamita\u201d, se\u00f1al\u00f3.<\/p>\n<p style=\"text-align: justify;\">Desde la puerta dorada en el Palacio de Miraflores, donde recibi\u00f3 la marcha encabezada por la Milicia Nacional Bolivariana, en conmemoraci\u00f3n del 194\u00b0 Aniversario del legado del Libertador Sim\u00f3n Bol\u00edvar, el jefe de Estado reconoci\u00f3 el trabajo, esfuerzo y compromiso de los m\u00e1s de 4.300.000 milicianos y milicianas en defensa de la paz y soberan\u00eda de la patria.<\/p>\n<p style=\"text-align: justify;\">\u201cImpresionante esta parada miliciana. Qu\u00e9 nivel de preparaci\u00f3n, disciplina, autoconciencia y organizaci\u00f3n han logrado las milicias obreras y populares. Concepto llevado a la pr\u00e1ctica que se ve en los ejercicios permanentes y se ve brillar hoy, d\u00eda maravilloso en que recordamos la vida inmortal del Libertador\u201d, rememor\u00f3.<\/p>\n<p style=\"text-align: justify;\">Maduro se\u00f1al\u00f3 que para ser irreversible la paz y la Revoluci\u00f3n Bolivariana del siglo XXI se debe empoderar al pueblo de manera integral todos los d\u00edas.<\/p>\n<p style=\"text-align: justify;\">\u201cEmpoderar a las comunidades, a la clase obrera, al pueblo\u201d, expres\u00f3.<\/p>\n<p style=\"text-align: justify;\">En este sentido, el mandatario nacional enfatiz\u00f3 la importancia de empoderar el Bloque Hist\u00f3rico para defender la Patria. \u201cEl poderoso Bloque Hist\u00f3rico hay que empoderarlo en todos los sentidos. Un bloque hist\u00f3rico pac\u00edfico, pero armado, listo para defender la Patria de cualquier amenaza o traici\u00f3n y garantizar la paz\u201d.<\/p>\n<p style=\"text-align: justify;\">Adem\u00e1s, record\u00f3 que el viejo concepto de la democracia liberal, de \u00e9lite y burguesa no volver\u00e1, porque \u201caqu\u00ed en Venezuela la democracia es del pueblo con el pueblo y para el pueblo\u201d:<\/p>\n<p style=\"text-align: justify;\">\u201cPueblo organizado y pueblo empoderado de democracia directa, con el pueblo, mientras el pueblo est\u00e9 empoderado y organizado no pasar\u00e1n y un ejemplo de ello fueron las recientes elecciones de jueces y juezas de Paz en las que se aceler\u00f3 y se profundiz\u00f3 el poder de las bases populares en sus comunidades y en su territorio construyendo el autogobierno popular\u201d, puntualiz\u00f3 el dignatario nacional.<\/p>\n<p>&nbsp;<\/p>\n<p>&nbsp;<\/p>\n<h6>\u00daltimas Noticias\/Gr\u00e1ficas: Cortes\u00eda<\/h6>\n","protected":false},"excerpt":{"rendered":"<p>El Presidente de la Rep\u00fablica, Nicol\u00e1s Maduro, orden\u00f3 la reactivaci\u00f3n del grupo de combatientes de la clase obrera en un plan nuevo de defensa activa al derecho a la paz,&hellip; <\/p>\n","protected":false},"author":7,"featured_media":41133,"comment_status":"closed","ping_status":"closed","sticky":false,"template":"","format":"standard","meta":{"footnotes":""},"categories":[41],"tags":[],"class_list":["post-41132","post","type-post","status-publish","format-standard","has-post-thumbnail","hentry","category-pais"],"_links":{"self":[{"href":"https:\/\/ciudadtrujillo.com\/index.php?rest_route=\/wp\/v2\/posts\/41132","targetHints":{"allow":["GET"]}}],"collection":[{"href":"https:\/\/ciudadtrujillo.com\/index.php?rest_route=\/wp\/v2\/posts"}],"about":[{"href":"https:\/\/ciudadtrujillo.com\/index.php?rest_route=\/wp\/v2\/types\/post"}],"author":[{"embeddable":true,"href":"https:\/\/ciudadtrujillo.com\/index.php?rest_route=\/wp\/v2\/users\/7"}],"replies":[{"embeddable":true,"href":"https:\/\/ciudadtrujillo.com\/index.php?rest_route=%2Fwp%2Fv2%2Fcomments&post=41132"}],"version-history":[{"count":1,"href":"https:\/\/ciudadtrujillo.com\/index.php?rest_route=\/wp\/v2\/posts\/41132\/revisions"}],"predecessor-version":[{"id":41134,"href":"https:\/\/ciudadtrujillo.com\/index.php?rest_route=\/wp\/v2\/posts\/41132\/revisions\/41134"}],"wp:featuredmedia":[{"embeddable":true,"href":"https:\/\/ciudadtrujillo.com\/index.php?rest_route=\/wp\/v2\/media\/41133"}],"wp:attachment":[{"href":"https:\/\/ciudadtrujillo.com\/index.php?rest_route=%2Fwp%2Fv2%2Fmedia&parent=41132"}],"wp:term":[{"taxonomy":"category","embeddable":true,"href":"https:\/\/ciudadtrujillo.com\/index.php?rest_route=%2Fwp%2Fv2%2Fcategories&post=41132"},{"taxonomy":"post_tag","embeddable":true,"href":"https:\/\/ciudadtrujillo.com\/index.php?rest_route=%2Fwp%2Fv2%2Ftags&post=41132"}],"curies":[{"name":"wp","href":"https:\/\/api.w.org\/{rel}","templated":true}]}}