{"id":41121,"date":"2024-12-17T18:35:40","date_gmt":"2024-12-17T22:35:40","guid":{"rendered":"https:\/\/ciudadtrujillo.com\/?p=41121"},"modified":"2024-12-17T18:35:40","modified_gmt":"2024-12-17T22:35:40","slug":"en-trujillo-exaltan-gloria-del-libertador-simon-bolivar-a-194-anos-de-su-siembra","status":"publish","type":"post","link":"https:\/\/ciudadtrujillo.com\/?p=41121","title":{"rendered":"En Trujillo exaltan gloria del Libertador Sim\u00f3n Bol\u00edvar a 194 a\u00f1os de su siembra"},"content":{"rendered":"<p style=\"text-align: justify;\">A 194 a\u00f1os de la siembra del Libertador Sim\u00f3n Bol\u00edvar, en el estado Trujillo exaltaron la gloria emancipadora del Padre de la Patria con actos religiosos, protocolares y culturales en el municipio capital, donde estuvieron presentes autoridades civiles, militares y el pueblo en pleno.<\/p>\n<p style=\"text-align: justify;\">El secretario general de gobierno, GD. Julio Y\u00e9pez Castro, en nombre del gobernador My. Gerardo M\u00e1rquez, asever\u00f3 que esta fecha permite \u201cseguir consolidando el pensamiento bolivariano, especialmente desde la Cuna de la Libertad\u201d.<\/p>\n<p style=\"text-align: justify;\">\nDurante la actividad se destac\u00f3 la grandeza heroica del Gigante de Am\u00e9rica, quien a trav\u00e9s de su legado emancipador impregna el esp\u00edritu revolucionario de la Patria.<\/p>\n<p>&nbsp;<\/p>\n<p>&nbsp;<\/p>\n<h6>Yarlenis Albarr\u00e1n\/Gr\u00e1ficas: Rossiel Hurtado\/ Yatniel Albarr\u00e1n<\/h6>\n","protected":false},"excerpt":{"rendered":"<p>A 194 a\u00f1os de la siembra del Libertador Sim\u00f3n Bol\u00edvar, en el estado Trujillo exaltaron la gloria emancipadora del Padre de la Patria con actos religiosos, protocolares y culturales en&hellip; <\/p>\n","protected":false},"author":7,"featured_media":41123,"comment_status":"closed","ping_status":"closed","sticky":false,"template":"","format":"standard","meta":{"footnotes":""},"categories":[52,40],"tags":[],"class_list":["post-41121","post","type-post","status-publish","format-standard","has-post-thumbnail","hentry","category-destacadas","category-grantrujillo"],"_links":{"self":[{"href":"https:\/\/ciudadtrujillo.com\/index.php?rest_route=\/wp\/v2\/posts\/41121","targetHints":{"allow":["GET"]}}],"collection":[{"href":"https:\/\/ciudadtrujillo.com\/index.php?rest_route=\/wp\/v2\/posts"}],"about":[{"href":"https:\/\/ciudadtrujillo.com\/index.php?rest_route=\/wp\/v2\/types\/post"}],"author":[{"embeddable":true,"href":"https:\/\/ciudadtrujillo.com\/index.php?rest_route=\/wp\/v2\/users\/7"}],"replies":[{"embeddable":true,"href":"https:\/\/ciudadtrujillo.com\/index.php?rest_route=%2Fwp%2Fv2%2Fcomments&post=41121"}],"version-history":[{"count":1,"href":"https:\/\/ciudadtrujillo.com\/index.php?rest_route=\/wp\/v2\/posts\/41121\/revisions"}],"predecessor-version":[{"id":41124,"href":"https:\/\/ciudadtrujillo.com\/index.php?rest_route=\/wp\/v2\/posts\/41121\/revisions\/41124"}],"wp:featuredmedia":[{"embeddable":true,"href":"https:\/\/ciudadtrujillo.com\/index.php?rest_route=\/wp\/v2\/media\/41123"}],"wp:attachment":[{"href":"https:\/\/ciudadtrujillo.com\/index.php?rest_route=%2Fwp%2Fv2%2Fmedia&parent=41121"}],"wp:term":[{"taxonomy":"category","embeddable":true,"href":"https:\/\/ciudadtrujillo.com\/index.php?rest_route=%2Fwp%2Fv2%2Fcategories&post=41121"},{"taxonomy":"post_tag","embeddable":true,"href":"https:\/\/ciudadtrujillo.com\/index.php?rest_route=%2Fwp%2Fv2%2Ftags&post=41121"}],"curies":[{"name":"wp","href":"https:\/\/api.w.org\/{rel}","templated":true}]}}