{"id":41115,"date":"2024-12-17T18:27:27","date_gmt":"2024-12-17T22:27:27","guid":{"rendered":"https:\/\/ciudadtrujillo.com\/?p=41115"},"modified":"2024-12-17T18:27:27","modified_gmt":"2024-12-17T22:27:27","slug":"gd-rafael-zerpa-zambrano-bolivar-aro-en-tierra-fertil-y-sembro-la-semilla-de-la-emancipacion","status":"publish","type":"post","link":"https:\/\/ciudadtrujillo.com\/?p=41115","title":{"rendered":"GD. Rafael Zerpa Zambrano: Bol\u00edvar ar\u00f3 en tierra f\u00e9rtil y sembr\u00f3 la semilla de la emancipaci\u00f3n"},"content":{"rendered":"<p style=\"text-align: justify;\">Este martes, a trav\u00e9s de actos religiosos, protocolares y culturales en el municipio Trujillo fueron conmemorados los 194 a\u00f1os de la siembra del Libertador Sim\u00f3n Bol\u00edvar, para exaltar las proezas y honrar el legado emancipador del Padre de la Patria.<\/p>\n<p style=\"text-align: justify;\">En este sentido, el Comandante de la ZODI Trujillo, GD. Rafael Zerpa Zambrano, durante su discurso como orador de orden afirm\u00f3 que \u201cBol\u00edvar ar\u00f3 en tierra f\u00e9rtil y sembr\u00f3 la semilla de la emancipaci\u00f3n\u201d.<\/p>\n<p style=\"text-align: justify;\">Zerpa Zambrano, quien adem\u00e1s recibi\u00f3 la orden Crist\u00f3bal Mendoza en su \u00fanica clase, mencion\u00f3 que el pueblo es heredero de la gloria del Libertador y enfatiz\u00f3 que sus proezas alimentan el esp\u00edritu revolucionario de las nuevas generaciones, \u201cfue un \u00e1vido de glorias y ante la grandeza de sus numerosos \u00e9xitos honramos su legado\u201d.<\/p>\n<p style=\"text-align: justify;\">Asever\u00f3 que Bol\u00edvar consagr\u00f3 su vida a la soberan\u00eda y la Patria por los que sus ideales son letra viva, legitimada en la Constituci\u00f3n de la Rep\u00fablica Bolivariana de Venezuela.<\/p>\n<p>&nbsp;<\/p>\n<p>&nbsp;<\/p>\n<h6>Yarlenis Albarr\u00e1n\/Gr\u00e1ficas: Rossiel Hurtado<\/h6>\n","protected":false},"excerpt":{"rendered":"<p>Este martes, a trav\u00e9s de actos religiosos, protocolares y culturales en el municipio Trujillo fueron conmemorados los 194 a\u00f1os de la siembra del Libertador Sim\u00f3n Bol\u00edvar, para exaltar las proezas&hellip; <\/p>\n","protected":false},"author":7,"featured_media":41116,"comment_status":"closed","ping_status":"closed","sticky":false,"template":"","format":"standard","meta":{"footnotes":""},"categories":[40],"tags":[],"class_list":["post-41115","post","type-post","status-publish","format-standard","has-post-thumbnail","hentry","category-grantrujillo"],"_links":{"self":[{"href":"https:\/\/ciudadtrujillo.com\/index.php?rest_route=\/wp\/v2\/posts\/41115","targetHints":{"allow":["GET"]}}],"collection":[{"href":"https:\/\/ciudadtrujillo.com\/index.php?rest_route=\/wp\/v2\/posts"}],"about":[{"href":"https:\/\/ciudadtrujillo.com\/index.php?rest_route=\/wp\/v2\/types\/post"}],"author":[{"embeddable":true,"href":"https:\/\/ciudadtrujillo.com\/index.php?rest_route=\/wp\/v2\/users\/7"}],"replies":[{"embeddable":true,"href":"https:\/\/ciudadtrujillo.com\/index.php?rest_route=%2Fwp%2Fv2%2Fcomments&post=41115"}],"version-history":[{"count":1,"href":"https:\/\/ciudadtrujillo.com\/index.php?rest_route=\/wp\/v2\/posts\/41115\/revisions"}],"predecessor-version":[{"id":41117,"href":"https:\/\/ciudadtrujillo.com\/index.php?rest_route=\/wp\/v2\/posts\/41115\/revisions\/41117"}],"wp:featuredmedia":[{"embeddable":true,"href":"https:\/\/ciudadtrujillo.com\/index.php?rest_route=\/wp\/v2\/media\/41116"}],"wp:attachment":[{"href":"https:\/\/ciudadtrujillo.com\/index.php?rest_route=%2Fwp%2Fv2%2Fmedia&parent=41115"}],"wp:term":[{"taxonomy":"category","embeddable":true,"href":"https:\/\/ciudadtrujillo.com\/index.php?rest_route=%2Fwp%2Fv2%2Fcategories&post=41115"},{"taxonomy":"post_tag","embeddable":true,"href":"https:\/\/ciudadtrujillo.com\/index.php?rest_route=%2Fwp%2Fv2%2Ftags&post=41115"}],"curies":[{"name":"wp","href":"https:\/\/api.w.org\/{rel}","templated":true}]}}