{"id":41112,"date":"2024-12-17T18:20:06","date_gmt":"2024-12-17T22:20:06","guid":{"rendered":"https:\/\/ciudadtrujillo.com\/?p=41112"},"modified":"2024-12-17T18:20:06","modified_gmt":"2024-12-17T22:20:06","slug":"mas-de-mil-personas-disfrutaron-de-la-gala-navidena-en-la-concha-acustica-de-trujillo","status":"publish","type":"post","link":"https:\/\/ciudadtrujillo.com\/?p=41112","title":{"rendered":"M\u00e1s de mil personas disfrutaron de la Gala Navide\u00f1a en la Concha Ac\u00fastica de Trujillo"},"content":{"rendered":"<p style=\"text-align: justify;\">La magia de la \u00e9poca llen\u00f3 la Concha Ac\u00fastica de Trujillo el pasado lunes 16 de diciembre, con el objetivo de celebrar la Gala Danc\u00edstica \u00abUna Navidad de Color\u00bb, muestra impulsada por el Instituto de la Cultura y las Artes del Gobierno Bolivariano de Trujillo (Incaet), presidido por el profesor Tem\u00edstocles Cabezas Morales, autoridad \u00fanica de la Cultura en la entidad.<\/p>\n<p style=\"text-align: justify;\">M\u00e1s de mil trujillanos se acercaron al anfiteatro para disfrutar del evento, donde participaron ni\u00f1as, ni\u00f1os y adolescentes, estudiantes de las c\u00e1tedras de danza de la Escuela de Artes Esc\u00e9nicas \u00abSegundo Joaqu\u00edn Delgado\u00bb y los Complejos Culturales \u201cKuikas\u201d y \u00abElio Mej\u00edas El Toco\u00bb, en una celebraci\u00f3n que mostr\u00f3 la alegr\u00eda de la \u00e9poca decembrina.<\/p>\n<p style=\"text-align: justify;\">La m\u00fasica y las danzas se fusionaron en un solo espacio para presentar bailes y performances que reflejar\u00e1n el significado de la navidad. M\u00e1s de 180 j\u00f3venes bailarines se hicieron con el escenario, dando muestra del nivel, maestr\u00eda y calidad a la que est\u00e1s instituciones nos tienen acostumbrados.<\/p>\n<p style=\"text-align: justify;\">\u00abUna Navidad de Color\u00bb es parte de la programaci\u00f3n cultural desarrollada por el Incaet, en uni\u00f3n con el Gabinete de Cultura del estado Trujillo, en respuesta al Presidente Nicol\u00e1s Maduro y al gobernador Gerardo M\u00e1rquez, quienes buscan brindar unas navidades felices, siempre fortaleciendo nuestra cultura.<\/p>\n<h3 style=\"text-align: justify;\">Gran Concierto de Navidad<\/h3>\n<p style=\"text-align: justify;\">Con el mismo prop\u00f3sito de brindar espacios para celebrar las fiestas decembrinas, este jueves 19 de diciembre se realizar\u00e1 por tercer a\u00f1o consecutivo el Gran Concierto de Navidad.<\/p>\n<p style=\"text-align: justify;\">A las 5 de la tarde la plaza Bol\u00edvar de Trujillo se llenar\u00e1 de m\u00fasica y alegr\u00eda con un recital a cargo de la Banda Oficial de Conciertos \u00abLaudelino Mej\u00edas\u00bb y el Sistema de Orquestas y Coros Juveniles e Infantiles, n\u00facleo Trujillo.<\/p>\n<p>&nbsp;<\/p>\n<p>&nbsp;<\/p>\n<h6>Prensa Incaet \/ Viviana Cegarra Soto\/Gr\u00e1ficas: cortes\u00eda<\/h6>\n","protected":false},"excerpt":{"rendered":"<p>La magia de la \u00e9poca llen\u00f3 la Concha Ac\u00fastica de Trujillo el pasado lunes 16 de diciembre, con el objetivo de celebrar la Gala Danc\u00edstica \u00abUna Navidad de Color\u00bb, muestra&hellip; <\/p>\n","protected":false},"author":7,"featured_media":41113,"comment_status":"closed","ping_status":"closed","sticky":false,"template":"","format":"standard","meta":{"footnotes":""},"categories":[40],"tags":[],"class_list":["post-41112","post","type-post","status-publish","format-standard","has-post-thumbnail","hentry","category-grantrujillo"],"_links":{"self":[{"href":"https:\/\/ciudadtrujillo.com\/index.php?rest_route=\/wp\/v2\/posts\/41112","targetHints":{"allow":["GET"]}}],"collection":[{"href":"https:\/\/ciudadtrujillo.com\/index.php?rest_route=\/wp\/v2\/posts"}],"about":[{"href":"https:\/\/ciudadtrujillo.com\/index.php?rest_route=\/wp\/v2\/types\/post"}],"author":[{"embeddable":true,"href":"https:\/\/ciudadtrujillo.com\/index.php?rest_route=\/wp\/v2\/users\/7"}],"replies":[{"embeddable":true,"href":"https:\/\/ciudadtrujillo.com\/index.php?rest_route=%2Fwp%2Fv2%2Fcomments&post=41112"}],"version-history":[{"count":1,"href":"https:\/\/ciudadtrujillo.com\/index.php?rest_route=\/wp\/v2\/posts\/41112\/revisions"}],"predecessor-version":[{"id":41114,"href":"https:\/\/ciudadtrujillo.com\/index.php?rest_route=\/wp\/v2\/posts\/41112\/revisions\/41114"}],"wp:featuredmedia":[{"embeddable":true,"href":"https:\/\/ciudadtrujillo.com\/index.php?rest_route=\/wp\/v2\/media\/41113"}],"wp:attachment":[{"href":"https:\/\/ciudadtrujillo.com\/index.php?rest_route=%2Fwp%2Fv2%2Fmedia&parent=41112"}],"wp:term":[{"taxonomy":"category","embeddable":true,"href":"https:\/\/ciudadtrujillo.com\/index.php?rest_route=%2Fwp%2Fv2%2Fcategories&post=41112"},{"taxonomy":"post_tag","embeddable":true,"href":"https:\/\/ciudadtrujillo.com\/index.php?rest_route=%2Fwp%2Fv2%2Ftags&post=41112"}],"curies":[{"name":"wp","href":"https:\/\/api.w.org\/{rel}","templated":true}]}}