{"id":41108,"date":"2024-12-17T18:16:33","date_gmt":"2024-12-17T22:16:33","guid":{"rendered":"https:\/\/ciudadtrujillo.com\/?p=41108"},"modified":"2024-12-17T18:16:33","modified_gmt":"2024-12-17T22:16:33","slug":"pesebre-de-la-trujillanidad-simbolo-de-tradicion-y-hermandad","status":"publish","type":"post","link":"https:\/\/ciudadtrujillo.com\/?p=41108","title":{"rendered":"Pesebre de la Trujillanidad: s\u00edmbolo  de tradici\u00f3n y hermandad"},"content":{"rendered":"<p style=\"text-align: justify;\">En medio de luces, fuegos artificiales, m\u00fasica y alegr\u00eda se llev\u00f3 a cabo en el municipio capital la inauguraci\u00f3n del Pesebre de la Trujillanidad, un evento que marca su segundo a\u00f1o consecutivo y que se ha convertido en un s\u00edmbolo de unidad, hermandad y tradici\u00f3n en la localidad.<\/p>\n<p style=\"text-align: justify;\">El acto, que reuni\u00f3 a una gran cantidad de trujillanos y trujillanas, cont\u00f3 con la presencia del alcalde Carlos Ter\u00e1n; la autoridad \u00fanica de Cultura, Tem\u00edstocles Cabezas; el coordinador de cultura de la Universidad de Los Andes, Carlos Batista, y dem\u00e1s autoridades y artistas de la regi\u00f3n, quienes fueron recibidos con entusiasmo por los asistentes.<\/p>\n<p style=\"text-align: justify;\">La construcci\u00f3n de las 21 estampas que conforman el pesebre, que representa la esencia de la navidad en la localidad, fue posible gracias a la colaboraci\u00f3n de diversas instituciones municipales y regionales, las cuales se encargaron no solo de embellecer la ciudad, sino tambi\u00e9n evocar los valores de hermandad y comunidad que caracterizan a los trujillanos.<\/p>\n<p style=\"text-align: justify;\">La inauguraci\u00f3n del pesebre tambi\u00e9n incluy\u00f3 presentaciones musicales, que deleitaron a las personas y llenaron de alegr\u00eda el ambiente. Familias enteras se acercaron para admirar la obra, que este a\u00f1o presenta nuevas figuras y elementos que enriquecen la representaci\u00f3n de la natividad.<\/p>\n<p style=\"text-align: justify;\">Con esta hermosa tradici\u00f3n, se espera que el pesebre de la trujillanidad contin\u00fae siendo un punto de encuentro para la comunidad, promoviendo el esp\u00edritu navide\u00f1o y fortaleciendo los lazos de amistad y solidaridad entre los trujillanos y trujillanas.<\/p>\n<p>&nbsp;<\/p>\n<p><img loading=\"lazy\" decoding=\"async\" class=\" wp-image-41110 aligncenter\" src=\"https:\/\/ciudadtrujillo.com\/wp-content\/uploads\/2024\/12\/alcaldiatruji_1_photo_1734447176530.webp-300x300.jpg\" alt=\"\" width=\"427\" height=\"427\" srcset=\"https:\/\/ciudadtrujillo.com\/wp-content\/uploads\/2024\/12\/alcaldiatruji_1_photo_1734447176530.webp-300x300.jpg 300w, https:\/\/ciudadtrujillo.com\/wp-content\/uploads\/2024\/12\/alcaldiatruji_1_photo_1734447176530.webp-1024x1024.jpg 1024w, https:\/\/ciudadtrujillo.com\/wp-content\/uploads\/2024\/12\/alcaldiatruji_1_photo_1734447176530.webp-150x150.jpg 150w, https:\/\/ciudadtrujillo.com\/wp-content\/uploads\/2024\/12\/alcaldiatruji_1_photo_1734447176530.webp-768x768.jpg 768w, https:\/\/ciudadtrujillo.com\/wp-content\/uploads\/2024\/12\/alcaldiatruji_1_photo_1734447176530.webp.jpg 1080w\" sizes=\"auto, (max-width: 427px) 100vw, 427px\" \/><\/p>\n<h6>Prensa alcald\u00eda de Trujillo \/ Ciudad Trujillo<\/h6>\n","protected":false},"excerpt":{"rendered":"<p>En medio de luces, fuegos artificiales, m\u00fasica y alegr\u00eda se llev\u00f3 a cabo en el municipio capital la inauguraci\u00f3n del Pesebre de la Trujillanidad, un evento que marca su segundo&hellip; <\/p>\n","protected":false},"author":7,"featured_media":41109,"comment_status":"closed","ping_status":"closed","sticky":false,"template":"","format":"standard","meta":{"footnotes":""},"categories":[40],"tags":[],"class_list":["post-41108","post","type-post","status-publish","format-standard","has-post-thumbnail","hentry","category-grantrujillo"],"_links":{"self":[{"href":"https:\/\/ciudadtrujillo.com\/index.php?rest_route=\/wp\/v2\/posts\/41108","targetHints":{"allow":["GET"]}}],"collection":[{"href":"https:\/\/ciudadtrujillo.com\/index.php?rest_route=\/wp\/v2\/posts"}],"about":[{"href":"https:\/\/ciudadtrujillo.com\/index.php?rest_route=\/wp\/v2\/types\/post"}],"author":[{"embeddable":true,"href":"https:\/\/ciudadtrujillo.com\/index.php?rest_route=\/wp\/v2\/users\/7"}],"replies":[{"embeddable":true,"href":"https:\/\/ciudadtrujillo.com\/index.php?rest_route=%2Fwp%2Fv2%2Fcomments&post=41108"}],"version-history":[{"count":1,"href":"https:\/\/ciudadtrujillo.com\/index.php?rest_route=\/wp\/v2\/posts\/41108\/revisions"}],"predecessor-version":[{"id":41111,"href":"https:\/\/ciudadtrujillo.com\/index.php?rest_route=\/wp\/v2\/posts\/41108\/revisions\/41111"}],"wp:featuredmedia":[{"embeddable":true,"href":"https:\/\/ciudadtrujillo.com\/index.php?rest_route=\/wp\/v2\/media\/41109"}],"wp:attachment":[{"href":"https:\/\/ciudadtrujillo.com\/index.php?rest_route=%2Fwp%2Fv2%2Fmedia&parent=41108"}],"wp:term":[{"taxonomy":"category","embeddable":true,"href":"https:\/\/ciudadtrujillo.com\/index.php?rest_route=%2Fwp%2Fv2%2Fcategories&post=41108"},{"taxonomy":"post_tag","embeddable":true,"href":"https:\/\/ciudadtrujillo.com\/index.php?rest_route=%2Fwp%2Fv2%2Ftags&post=41108"}],"curies":[{"name":"wp","href":"https:\/\/api.w.org\/{rel}","templated":true}]}}