{"id":41102,"date":"2024-12-17T18:10:43","date_gmt":"2024-12-17T22:10:43","guid":{"rendered":"https:\/\/ciudadtrujillo.com\/?p=41102"},"modified":"2024-12-17T18:10:43","modified_gmt":"2024-12-17T22:10:43","slug":"presidente-nicolas-maduro-insto-a-la-union-y-liberacion-de-america-latina-y-el-caribe","status":"publish","type":"post","link":"https:\/\/ciudadtrujillo.com\/?p=41102","title":{"rendered":"Presidente Nicol\u00e1s Maduro inst\u00f3 a la uni\u00f3n y liberaci\u00f3n de Am\u00e9rica Latina y el Caribe"},"content":{"rendered":"<p style=\"text-align: justify;\">El Presidente de la Rep\u00fablica, Nicol\u00e1s Maduro, realiz\u00f3 un llamado a la uni\u00f3n y la liberaci\u00f3n de Am\u00e9rica Latina y el Caribe con el objetivo de ir hacia el desarrollo, la hermandad y la cooperaci\u00f3n entre los pueblos.<\/p>\n<p style=\"text-align: justify;\">Mediante un mensaje compartido en sus cuentas de redes sociales, el jefe de Estado enfatiz\u00f3 que \u201cno volveremos a ser colonia\u201d.<\/p>\n<p style=\"text-align: justify;\">\u201cHemos so\u00f1ado en la uni\u00f3n y la liberaci\u00f3n de todos los pa\u00edses y pueblos en Am\u00e9rica Latina y el Caribe, para ir hacia el desarrollo, la hermandad y la cooperaci\u00f3n \u00a1No volveremos a ser colonia! Por eso vamos en paralelo a los procesos de buen gobierno a la grandeza, es nuestro destino inaplazable\u201d, enfatiz\u00f3.<\/p>\n<p style=\"text-align: justify;\">El mensaje estuvo acompa\u00f1ado de un video de la intervenci\u00f3n realizada por el mandatario durante el encuentro de la Alianza Bolivariana para los Pueblos de Nuestra Am\u00e9rica-Tratado de Comercio de los Pueblos (Alba-TCP) celebrado el pasado fin de semana en Caracas.<\/p>\n<p style=\"text-align: justify;\">Durante su discurso en ese momento, el presidente Maduro asegur\u00f3 que no es una opci\u00f3n volver a ser colonia ni andar \u201cde rodillas, aplastados, subordinados, chantajeados, acobardados. As\u00ed que tenemos que ir en paralelo en los procesos de liberaci\u00f3n\u201d.<\/p>\n<p style=\"text-align: justify;\">Asimismo, coment\u00f3 que \u201cseremos lo que en el destino est\u00e1 escrito y llegaremos a la grandeza y a la gloria\u201d de todo un continente, resaltando el legado dejado a los pueblos por l\u00edderes como Sim\u00f3n Bol\u00edvar, Jos\u00e9 Mart\u00ed, los comandantes Fidel Castro y Hugo Ch\u00e1vez.<\/p>\n<p>&nbsp;<\/p>\n<p>&nbsp;<\/p>\n<h6>\u00daltimas Noticias\/Gr\u00e1fica: Cortes\u00eda<\/h6>\n","protected":false},"excerpt":{"rendered":"<p>El Presidente de la Rep\u00fablica, Nicol\u00e1s Maduro, realiz\u00f3 un llamado a la uni\u00f3n y la liberaci\u00f3n de Am\u00e9rica Latina y el Caribe con el objetivo de ir hacia el desarrollo,&hellip; <\/p>\n","protected":false},"author":7,"featured_media":41103,"comment_status":"closed","ping_status":"closed","sticky":false,"template":"","format":"standard","meta":{"footnotes":""},"categories":[41],"tags":[],"class_list":["post-41102","post","type-post","status-publish","format-standard","has-post-thumbnail","hentry","category-pais"],"_links":{"self":[{"href":"https:\/\/ciudadtrujillo.com\/index.php?rest_route=\/wp\/v2\/posts\/41102","targetHints":{"allow":["GET"]}}],"collection":[{"href":"https:\/\/ciudadtrujillo.com\/index.php?rest_route=\/wp\/v2\/posts"}],"about":[{"href":"https:\/\/ciudadtrujillo.com\/index.php?rest_route=\/wp\/v2\/types\/post"}],"author":[{"embeddable":true,"href":"https:\/\/ciudadtrujillo.com\/index.php?rest_route=\/wp\/v2\/users\/7"}],"replies":[{"embeddable":true,"href":"https:\/\/ciudadtrujillo.com\/index.php?rest_route=%2Fwp%2Fv2%2Fcomments&post=41102"}],"version-history":[{"count":1,"href":"https:\/\/ciudadtrujillo.com\/index.php?rest_route=\/wp\/v2\/posts\/41102\/revisions"}],"predecessor-version":[{"id":41104,"href":"https:\/\/ciudadtrujillo.com\/index.php?rest_route=\/wp\/v2\/posts\/41102\/revisions\/41104"}],"wp:featuredmedia":[{"embeddable":true,"href":"https:\/\/ciudadtrujillo.com\/index.php?rest_route=\/wp\/v2\/media\/41103"}],"wp:attachment":[{"href":"https:\/\/ciudadtrujillo.com\/index.php?rest_route=%2Fwp%2Fv2%2Fmedia&parent=41102"}],"wp:term":[{"taxonomy":"category","embeddable":true,"href":"https:\/\/ciudadtrujillo.com\/index.php?rest_route=%2Fwp%2Fv2%2Fcategories&post=41102"},{"taxonomy":"post_tag","embeddable":true,"href":"https:\/\/ciudadtrujillo.com\/index.php?rest_route=%2Fwp%2Fv2%2Ftags&post=41102"}],"curies":[{"name":"wp","href":"https:\/\/api.w.org\/{rel}","templated":true}]}}