{"id":41100,"date":"2024-12-17T18:08:21","date_gmt":"2024-12-17T22:08:21","guid":{"rendered":"https:\/\/ciudadtrujillo.com\/?p=41100"},"modified":"2024-12-17T18:08:21","modified_gmt":"2024-12-17T22:08:21","slug":"turquia-y-egipto-rechazan-expansion-de-israel-en-territorio-sirio","status":"publish","type":"post","link":"https:\/\/ciudadtrujillo.com\/?p=41100","title":{"rendered":"Turqu\u00eda y Egipto rechazan expansi\u00f3n de Israel en territorio sirio"},"content":{"rendered":"<p style=\"text-align: justify;\">Los gobiernos de Turqu\u00eda y Egipto se unieron este lunes a la indignaci\u00f3n global por la noticia de que Israel ha aprobado un pol\u00e9mico plan para expandir la poblaci\u00f3n en los Altos del Gol\u00e1n, territorio disputado desde hace d\u00e9cadas. La decisi\u00f3n del Gobierno israel\u00ed ha generado una ola de cr\u00edticas por parte de diversos pa\u00edses y organismos internacionales.<\/p>\n<p style=\"text-align: justify;\">Seg\u00fan la informaci\u00f3n difundida, Israel destinar\u00e1 alrededor de diez millones de euros para llevar a cabo el plan, que contempla la absorci\u00f3n de nuevos residentes con el objetivo de duplicar la poblaci\u00f3n actual, que asciende a alrededor de 50,000 habitantes distribuidos en unos 30 asentamientos, incluyendo a jud\u00edos y drusos. El primer ministro israel\u00ed, Benjam\u00edn Netanyahu, defendi\u00f3 la medida argumentando que fortalecer los Altos del Gol\u00e1n es fortalecer la naci\u00f3n.<\/p>\n<p style=\"text-align: justify;\">Turqu\u00eda expres\u00f3 su condena de manera categ\u00f3rica, calificando la decisi\u00f3n de Israel como una nueva provocaci\u00f3n en su objetivo de expandir las fronteras a trav\u00e9s de la ocupaci\u00f3n. El Ministerio de Exteriores turco emiti\u00f3 un comunicado en el que se\u00f1ala que esta acci\u00f3n socava los esfuerzos por lograr la paz y la estabilidad en la regi\u00f3n, aumentando las tensiones en un momento ya delicado.<\/p>\n<p>&nbsp;<\/p>\n<p>&nbsp;<\/p>\n<h6 style=\"text-align: justify;\">Ultimas Noticias<\/h6>\n","protected":false},"excerpt":{"rendered":"<p>Los gobiernos de Turqu\u00eda y Egipto se unieron este lunes a la indignaci\u00f3n global por la noticia de que Israel ha aprobado un pol\u00e9mico plan para expandir la poblaci\u00f3n en&hellip; <\/p>\n","protected":false},"author":7,"featured_media":0,"comment_status":"closed","ping_status":"closed","sticky":false,"template":"","format":"standard","meta":{"footnotes":""},"categories":[42],"tags":[],"class_list":["post-41100","post","type-post","status-publish","format-standard","hentry","category-mundo"],"_links":{"self":[{"href":"https:\/\/ciudadtrujillo.com\/index.php?rest_route=\/wp\/v2\/posts\/41100","targetHints":{"allow":["GET"]}}],"collection":[{"href":"https:\/\/ciudadtrujillo.com\/index.php?rest_route=\/wp\/v2\/posts"}],"about":[{"href":"https:\/\/ciudadtrujillo.com\/index.php?rest_route=\/wp\/v2\/types\/post"}],"author":[{"embeddable":true,"href":"https:\/\/ciudadtrujillo.com\/index.php?rest_route=\/wp\/v2\/users\/7"}],"replies":[{"embeddable":true,"href":"https:\/\/ciudadtrujillo.com\/index.php?rest_route=%2Fwp%2Fv2%2Fcomments&post=41100"}],"version-history":[{"count":1,"href":"https:\/\/ciudadtrujillo.com\/index.php?rest_route=\/wp\/v2\/posts\/41100\/revisions"}],"predecessor-version":[{"id":41101,"href":"https:\/\/ciudadtrujillo.com\/index.php?rest_route=\/wp\/v2\/posts\/41100\/revisions\/41101"}],"wp:attachment":[{"href":"https:\/\/ciudadtrujillo.com\/index.php?rest_route=%2Fwp%2Fv2%2Fmedia&parent=41100"}],"wp:term":[{"taxonomy":"category","embeddable":true,"href":"https:\/\/ciudadtrujillo.com\/index.php?rest_route=%2Fwp%2Fv2%2Fcategories&post=41100"},{"taxonomy":"post_tag","embeddable":true,"href":"https:\/\/ciudadtrujillo.com\/index.php?rest_route=%2Fwp%2Fv2%2Ftags&post=41100"}],"curies":[{"name":"wp","href":"https:\/\/api.w.org\/{rel}","templated":true}]}}