{"id":41094,"date":"2024-12-16T21:53:17","date_gmt":"2024-12-17T01:53:17","guid":{"rendered":"https:\/\/ciudadtrujillo.com\/?p=41094"},"modified":"2024-12-16T21:53:17","modified_gmt":"2024-12-17T01:53:17","slug":"cne-proclamo-jueces-de-paz-electos-en-trujillo","status":"publish","type":"post","link":"https:\/\/ciudadtrujillo.com\/?p=41094","title":{"rendered":"CNE proclam\u00f3 jueces de paz electos en Trujillo"},"content":{"rendered":"<p style=\"text-align: justify;\">Tras las in\u00e9ditas elecciones del pasado 15 de diciembre, este lunes los jueces de paz comunal electos por el poder popular en el estado Trujillo, fueron proclamados ante el Consejo Nacional Electoral (CNE).<\/p>\n<p style=\"text-align: justify;\">Con la presencia de la comisi\u00f3n electoral, entre ellos el Ing. Engelberth Perdomo, Abg. Jes\u00fas Azuaje, Abg. Alexander Pineda, Dip. Ang\u00e9lica Mor\u00f3n, y otros representantes se desarroll\u00f3 dicho evento en el cual los jueces recibieron su credencial emitida por este ente rector.<\/p>\n<p style=\"text-align: justify;\">En este sentido, el tambi\u00e9n director regional del Consejo Nacional Electoral (CNE), Ing. Engelberth Perdomo, enfatiz\u00f3 que el resultado de estos comicios es el reconocimiento a las personas elegidas por el pueblo. \u00abEs un fortalecimiento a nuestras comunidades, para la resoluci\u00f3n de los conflictos en paz\u00bb.<\/p>\n<p style=\"text-align: justify;\">\u00abSeguimos construyendo al sistema de justicia, al desenvolvimiento en paz de las comunidades. Era una deuda que ten\u00edamos con nuestro estado\u00bb, agreg\u00f3, Perdomo.<\/p>\n<p style=\"text-align: justify;\">Por su parte, el juez rector del estado, Abg. Jes\u00fas Azuaje, asegur\u00f3 que \u00abestas elecciones van a permitir darle un rostro m\u00e1s humano a la justicia como lo ha pedido el Presidente Nicol\u00e1s Maduro. Esto es un logro para el pueblo\u00bb.<\/p>\n<p style=\"text-align: justify;\">Adem\u00e1s, Azuaje recalc\u00f3 que los jueces electos recibir\u00e1n la respectiva formaci\u00f3n por parte del poder judicial en el que se brindar\u00e1 el acompa\u00f1amiento para que puedan ejercer durante el proceso de jueces de paz comunal.<\/p>\n<p>&nbsp;<\/p>\n<p>&nbsp;<\/p>\n<h6>Rossiel Hurtado\/Gr\u00e1ficas: Samuel Torres<\/h6>\n","protected":false},"excerpt":{"rendered":"<p>Tras las in\u00e9ditas elecciones del pasado 15 de diciembre, este lunes los jueces de paz comunal electos por el poder popular en el estado Trujillo, fueron proclamados ante el Consejo&hellip; <\/p>\n","protected":false},"author":7,"featured_media":41096,"comment_status":"closed","ping_status":"closed","sticky":false,"template":"","format":"standard","meta":{"footnotes":""},"categories":[40],"tags":[],"class_list":["post-41094","post","type-post","status-publish","format-standard","has-post-thumbnail","hentry","category-grantrujillo"],"_links":{"self":[{"href":"https:\/\/ciudadtrujillo.com\/index.php?rest_route=\/wp\/v2\/posts\/41094","targetHints":{"allow":["GET"]}}],"collection":[{"href":"https:\/\/ciudadtrujillo.com\/index.php?rest_route=\/wp\/v2\/posts"}],"about":[{"href":"https:\/\/ciudadtrujillo.com\/index.php?rest_route=\/wp\/v2\/types\/post"}],"author":[{"embeddable":true,"href":"https:\/\/ciudadtrujillo.com\/index.php?rest_route=\/wp\/v2\/users\/7"}],"replies":[{"embeddable":true,"href":"https:\/\/ciudadtrujillo.com\/index.php?rest_route=%2Fwp%2Fv2%2Fcomments&post=41094"}],"version-history":[{"count":1,"href":"https:\/\/ciudadtrujillo.com\/index.php?rest_route=\/wp\/v2\/posts\/41094\/revisions"}],"predecessor-version":[{"id":41097,"href":"https:\/\/ciudadtrujillo.com\/index.php?rest_route=\/wp\/v2\/posts\/41094\/revisions\/41097"}],"wp:featuredmedia":[{"embeddable":true,"href":"https:\/\/ciudadtrujillo.com\/index.php?rest_route=\/wp\/v2\/media\/41096"}],"wp:attachment":[{"href":"https:\/\/ciudadtrujillo.com\/index.php?rest_route=%2Fwp%2Fv2%2Fmedia&parent=41094"}],"wp:term":[{"taxonomy":"category","embeddable":true,"href":"https:\/\/ciudadtrujillo.com\/index.php?rest_route=%2Fwp%2Fv2%2Fcategories&post=41094"},{"taxonomy":"post_tag","embeddable":true,"href":"https:\/\/ciudadtrujillo.com\/index.php?rest_route=%2Fwp%2Fv2%2Ftags&post=41094"}],"curies":[{"name":"wp","href":"https:\/\/api.w.org\/{rel}","templated":true}]}}