{"id":41079,"date":"2024-12-16T21:27:16","date_gmt":"2024-12-17T01:27:16","guid":{"rendered":"https:\/\/ciudadtrujillo.com\/?p=41079"},"modified":"2024-12-16T21:27:16","modified_gmt":"2024-12-17T01:27:16","slug":"diosdado-cabello-el-10-de-enero-nos-vamos-todos-a-juramentar-con-nicolas-maduro","status":"publish","type":"post","link":"https:\/\/ciudadtrujillo.com\/?p=41079","title":{"rendered":"Diosdado Cabello: El 10 de enero nos vamos todos a juramentar con Nicol\u00e1s Maduro"},"content":{"rendered":"<p style=\"text-align: justify;\">El primer vicepresidente del Partido Socialista Unido de Venezuela (PSUV), Diosdado Cabello, afirm\u00f3 que el 10 de enero de 2025 acompa\u00f1ar\u00e1n al Presidente de la Rep\u00fablica, Nicol\u00e1s Maduro, para su juramentaci\u00f3n ante la Asamblea Nacional tras la victoria electoral del pasado 28 de julio.<\/p>\n<p style=\"text-align: justify;\">Durante una rueda de prensa del partido, resalt\u00f3 que \u201cdentro de 25 d\u00edas, nos vamos todos y todas a juramentar con Nicol\u00e1s Maduro como Presidente pueblo, como pueblo Presidente\u201d.<\/p>\n<p style=\"text-align: justify;\">Cabello a\u00f1adi\u00f3 que el pueblo \u201cva a estar feliz el 10 de enero\u201d e inst\u00f3 a la organizaci\u00f3n popular, m\u00e1xima movilizaci\u00f3n, \u201clas redes de comunicaci\u00f3n que funcionen perfectamente\u201d.<\/p>\n<p style=\"text-align: justify;\">\u201cNo dejemos que sorprendan por ning\u00fan lado, ellos (sectores extremistas) van a intentar generar violencia porque si algo sabe la derecha es hacerle trampas a nuestro pueblo\u201d, advirti\u00f3.<\/p>\n<h3 style=\"text-align: justify;\">Consolidar la uni\u00f3n<\/h3>\n<p style=\"text-align: justify;\">El primer vicepresidente del Psuv hizo referencia al encuentro ocurrido el fin de semana de la Alianza Bolivariana para los Pueblos de Nuestra Am\u00e9rica-Tratado de Comercio de los Pueblos (Alba-TCP) en Caracas, afirmando la necesidad de consolidar la uni\u00f3n.<\/p>\n<p style=\"text-align: justify;\">\u201cHoy d\u00eda nosotros debemos consolidar a\u00fan m\u00e1s la uni\u00f3n Cuba, Venezuela, Nicaragua\u201d, resalt\u00f3 Cabello y rememor\u00f3 los ideales del Libertador Sim\u00f3n Bol\u00edvar que tambi\u00e9n hac\u00eda referencia a la uni\u00f3n.<\/p>\n<p>&nbsp;<\/p>\n<p>&nbsp;<\/p>\n<h6>\u00daltimas Noticias<\/h6>\n","protected":false},"excerpt":{"rendered":"<p>El primer vicepresidente del Partido Socialista Unido de Venezuela (PSUV), Diosdado Cabello, afirm\u00f3 que el 10 de enero de 2025 acompa\u00f1ar\u00e1n al Presidente de la Rep\u00fablica, Nicol\u00e1s Maduro, para su&hellip; <\/p>\n","protected":false},"author":7,"featured_media":41080,"comment_status":"closed","ping_status":"closed","sticky":false,"template":"","format":"standard","meta":{"footnotes":""},"categories":[40],"tags":[],"class_list":["post-41079","post","type-post","status-publish","format-standard","has-post-thumbnail","hentry","category-grantrujillo"],"_links":{"self":[{"href":"https:\/\/ciudadtrujillo.com\/index.php?rest_route=\/wp\/v2\/posts\/41079","targetHints":{"allow":["GET"]}}],"collection":[{"href":"https:\/\/ciudadtrujillo.com\/index.php?rest_route=\/wp\/v2\/posts"}],"about":[{"href":"https:\/\/ciudadtrujillo.com\/index.php?rest_route=\/wp\/v2\/types\/post"}],"author":[{"embeddable":true,"href":"https:\/\/ciudadtrujillo.com\/index.php?rest_route=\/wp\/v2\/users\/7"}],"replies":[{"embeddable":true,"href":"https:\/\/ciudadtrujillo.com\/index.php?rest_route=%2Fwp%2Fv2%2Fcomments&post=41079"}],"version-history":[{"count":1,"href":"https:\/\/ciudadtrujillo.com\/index.php?rest_route=\/wp\/v2\/posts\/41079\/revisions"}],"predecessor-version":[{"id":41081,"href":"https:\/\/ciudadtrujillo.com\/index.php?rest_route=\/wp\/v2\/posts\/41079\/revisions\/41081"}],"wp:featuredmedia":[{"embeddable":true,"href":"https:\/\/ciudadtrujillo.com\/index.php?rest_route=\/wp\/v2\/media\/41080"}],"wp:attachment":[{"href":"https:\/\/ciudadtrujillo.com\/index.php?rest_route=%2Fwp%2Fv2%2Fmedia&parent=41079"}],"wp:term":[{"taxonomy":"category","embeddable":true,"href":"https:\/\/ciudadtrujillo.com\/index.php?rest_route=%2Fwp%2Fv2%2Fcategories&post=41079"},{"taxonomy":"post_tag","embeddable":true,"href":"https:\/\/ciudadtrujillo.com\/index.php?rest_route=%2Fwp%2Fv2%2Ftags&post=41079"}],"curies":[{"name":"wp","href":"https:\/\/api.w.org\/{rel}","templated":true}]}}