{"id":41066,"date":"2024-12-15T22:21:10","date_gmt":"2024-12-16T02:21:10","guid":{"rendered":"https:\/\/ciudadtrujillo.com\/?p=41066"},"modified":"2024-12-15T22:21:10","modified_gmt":"2024-12-16T02:21:10","slug":"gobierno-regional-atiende-deslaves-registrados-en-via-los-chorros-santa-ana","status":"publish","type":"post","link":"https:\/\/ciudadtrujillo.com\/?p=41066","title":{"rendered":"Gobierno regional atiende deslaves registrados en v\u00eda Los Chorros \u2013 Santa Ana"},"content":{"rendered":"<p style=\"text-align: justify;\">Ante las fuertes precipitaciones acaecidas en el territorio trujillano que ocasionaron deslaves en la Troncal 007, espec\u00edficamente en el tramo Los Chorros \u2013 Santa Ana del municipio Pamp\u00e1n, el Gobierno Bolivariano de Trujillo a trav\u00e9s del Estado Mayor de Emergencia atendi\u00f3 la situaci\u00f3n presentada para garantizar el bienestar del pueblo.<\/p>\n<p style=\"text-align: justify;\">En este sentido, el gabinete de infraestructura despleg\u00f3 su maquinaria y equipos en esta v\u00eda que comunica los municipios Pamp\u00e1n y Bocon\u00f3, desarrollando labores de la limpieza y remoci\u00f3n de m\u00e1s de 3 mil metros c\u00fabicos de sedimentos, siguiendo lineamientos del Presidente Nicol\u00e1s Maduro y el gobernador Gerardo M\u00e1rquez.<\/p>\n<p style=\"text-align: justify;\">Actualmente se mantiene el paso vehicular intermitente en la zona mientras el personal desplegado trabaja arduamente con las labores de despeje vial. Cabe destacar que entre las instituciones activas en la zona est\u00e1 el Ministerio de Obras P\u00fablicas, Ministerio de Transporte, Empresa de Asfalto del estado, Empresa de la Construcci\u00f3n de Trujillo, Direcci\u00f3n de Infraestructura, Empresa de Mantenimiento, Aseo y Ornato, entre otras.<\/p>\n<p>&nbsp;<\/p>\n<p>&nbsp;<\/p>\n<h6>Yelimar Hidalgo<\/h6>\n","protected":false},"excerpt":{"rendered":"<p>Ante las fuertes precipitaciones acaecidas en el territorio trujillano que ocasionaron deslaves en la Troncal 007, espec\u00edficamente en el tramo Los Chorros \u2013 Santa Ana del municipio Pamp\u00e1n, el Gobierno&hellip; <\/p>\n","protected":false},"author":7,"featured_media":41067,"comment_status":"closed","ping_status":"closed","sticky":false,"template":"","format":"standard","meta":{"footnotes":""},"categories":[40],"tags":[],"class_list":["post-41066","post","type-post","status-publish","format-standard","has-post-thumbnail","hentry","category-grantrujillo"],"_links":{"self":[{"href":"https:\/\/ciudadtrujillo.com\/index.php?rest_route=\/wp\/v2\/posts\/41066","targetHints":{"allow":["GET"]}}],"collection":[{"href":"https:\/\/ciudadtrujillo.com\/index.php?rest_route=\/wp\/v2\/posts"}],"about":[{"href":"https:\/\/ciudadtrujillo.com\/index.php?rest_route=\/wp\/v2\/types\/post"}],"author":[{"embeddable":true,"href":"https:\/\/ciudadtrujillo.com\/index.php?rest_route=\/wp\/v2\/users\/7"}],"replies":[{"embeddable":true,"href":"https:\/\/ciudadtrujillo.com\/index.php?rest_route=%2Fwp%2Fv2%2Fcomments&post=41066"}],"version-history":[{"count":1,"href":"https:\/\/ciudadtrujillo.com\/index.php?rest_route=\/wp\/v2\/posts\/41066\/revisions"}],"predecessor-version":[{"id":41068,"href":"https:\/\/ciudadtrujillo.com\/index.php?rest_route=\/wp\/v2\/posts\/41066\/revisions\/41068"}],"wp:featuredmedia":[{"embeddable":true,"href":"https:\/\/ciudadtrujillo.com\/index.php?rest_route=\/wp\/v2\/media\/41067"}],"wp:attachment":[{"href":"https:\/\/ciudadtrujillo.com\/index.php?rest_route=%2Fwp%2Fv2%2Fmedia&parent=41066"}],"wp:term":[{"taxonomy":"category","embeddable":true,"href":"https:\/\/ciudadtrujillo.com\/index.php?rest_route=%2Fwp%2Fv2%2Fcategories&post=41066"},{"taxonomy":"post_tag","embeddable":true,"href":"https:\/\/ciudadtrujillo.com\/index.php?rest_route=%2Fwp%2Fv2%2Ftags&post=41066"}],"curies":[{"name":"wp","href":"https:\/\/api.w.org\/{rel}","templated":true}]}}