{"id":41062,"date":"2024-12-15T22:17:11","date_gmt":"2024-12-16T02:17:11","guid":{"rendered":"https:\/\/ciudadtrujillo.com\/?p=41062"},"modified":"2024-12-15T22:17:11","modified_gmt":"2024-12-16T02:17:11","slug":"reinauguran-cdi-y-sri-para-favorecer-a-mas-de-21-mil-habitantes-de-rafael-rangel","status":"publish","type":"post","link":"https:\/\/ciudadtrujillo.com\/?p=41062","title":{"rendered":"Reinauguran CDI y SRI para favorecer a m\u00e1s de 21 mil habitantes de Rafael Rangel"},"content":{"rendered":"<p style=\"text-align: justify;\">El Centro de Diagn\u00f3stico Integral (CDI) y la Sala de Rehabilitaci\u00f3n Integral (SRI) \u201cDoctor Rafael Rangel\u201d, ubicados en Isnot\u00fa, parroquia Jos\u00e9 Gregorio Hern\u00e1ndez del estado Trujillo, fueron reinaugurados este viernes por el ministro para Relaciones Interiores, Justicia y Paz, Cap. Diosdado Cabello, junto al gobernador My. Gerardo M\u00e1rquez, acompa\u00f1ados de la primera combatiente Reyna P\u00e9rez de M\u00e1rquez, el diputado a la Asamblea Nacional, Pedro Carre\u00f1o, la autoridad \u00fanica de Salud, Yadira Pereira, y el pueblo del municipio Rafael Rangel.<\/p>\n<p style=\"text-align: justify;\">Desde all\u00ed, Cabello resalt\u00f3 que estos espacios de primera ofrecen diversos servicios a m\u00e1s de 21 mil habitantes con equipos de alta tecnolog\u00eda y entrega de medicamentos de manera gratuita.<\/p>\n<p style=\"text-align: justify;\">El CDI ofrece 16 servicios entre ellos: emergencia, hospitalizaci\u00f3n, sala de cura, electrocardiograma, ecograf\u00eda, laboratorio, rayos X, consulta general, inmunizaci\u00f3n, UCI, endoscopia, farmacia, enfermer\u00eda y oftalmolog\u00eda.<\/p>\n<p style=\"text-align: justify;\">Asimismo, la Sala de Rehabilitaci\u00f3n Integral ofrece fisiatr\u00eda, logopedia y foniatr\u00eda, magnetoterapia, electroterapia, podolog\u00eda, terapia ocupacional, hidroterapia, gimnasio, mecanoterapia, kinesioterapia, laser, termoterapia, as\u00ed como una sala de formaci\u00f3n de la Universidad de las Ciencias de la Salud.<\/p>\n<p style=\"text-align: justify;\">\u201cHoy se entrega este espacio repotenciado gracias a nuestro gobernador, a la gesti\u00f3n del Gobierno nacional del presidente Nicol\u00e1s Maduro. Hoy se le entrega al pueblo lo que el pueblo pidi\u00f3, lo que el pueblo orden\u00f3\u201d, expres\u00f3 el ministro.<\/p>\n<p style=\"text-align: justify;\">Las autoridades recorrieron los diversos servicios m\u00e9dicos donde los especialistas del SRI explicaron cada uno de ellos y los beneficios que otorgan a los pacientes.<\/p>\n<p style=\"text-align: justify;\">En el recorrido, el ministro Cabello destac\u00f3 el impulso de los patios productivos en el SRI con la siembra de berenjena, aj\u00ed dulce, pl\u00e1tanos, cambures, caf\u00e9, pi\u00f1a, malojillo, entre otros rubros.<\/p>\n<h3 style=\"text-align: justify;\">Importante centro de salud<\/h3>\n<p style=\"text-align: justify;\">Por su parte, el gobernador Gerardo M\u00e1rquez expres\u00f3 con orgullo trujillano que el CDI \u201cpudiera estar entre los mejores Centros de Diagn\u00f3stico Integral del pa\u00eds gracias a la dotaci\u00f3n que nos ha dado nuestro Presidente Nicol\u00e1s Maduro\u201d.<\/p>\n<p style=\"text-align: justify;\">Record\u00f3 que el estado Trujillo posee 406 centros de salud, y en tres meses fueron recuperados 200 centros de salud con el apoyo de las Bricomiles, de los organismos nacionales y regionales, as\u00ed como del Ministerio de Salud.<\/p>\n<p style=\"text-align: justify;\">\u201cGracias presidente Nicol\u00e1s Maduro por su compromiso y apoyo a esta noble tierra, avanzamos cada d\u00eda empe\u00f1ados en entregar espacios de calidad para el bienestar de nuestro pueblo. \u00a1Seguimos venciendo!\u201d, expres\u00f3.<\/p>\n<p style=\"text-align: justify;\">Cabe mencionar los trabajos ejecutados para la rehabilitaci\u00f3n de los centros de salud, entre ellos la impermeabilizaci\u00f3n general de techos, rehabilitaci\u00f3n integral de paredes, pintura interna y externa, rehabilitaci\u00f3n de \u00e1rea de tratamientos, iluminaci\u00f3n interna y externa, dotaci\u00f3n de mobiliario m\u00e9dico y no m\u00e9dico, dotaci\u00f3n de equipos m\u00e9dicos, instalaci\u00f3n de aires acondicionados, ambientaci\u00f3n y se\u00f1al\u00e9ticas, jardiner\u00eda y plomer\u00eda.<\/p>\n<p>&nbsp;<\/p>\n<p>&nbsp;<\/p>\n<h6>\u00daltimas Noticias\/Gr\u00e1ficas: David Vasquez<\/h6>\n","protected":false},"excerpt":{"rendered":"<p>El Centro de Diagn\u00f3stico Integral (CDI) y la Sala de Rehabilitaci\u00f3n Integral (SRI) \u201cDoctor Rafael Rangel\u201d, ubicados en Isnot\u00fa, parroquia Jos\u00e9 Gregorio Hern\u00e1ndez del estado Trujillo, fueron reinaugurados este viernes&hellip; <\/p>\n","protected":false},"author":7,"featured_media":41063,"comment_status":"closed","ping_status":"closed","sticky":false,"template":"","format":"standard","meta":{"footnotes":""},"categories":[40],"tags":[],"class_list":["post-41062","post","type-post","status-publish","format-standard","has-post-thumbnail","hentry","category-grantrujillo"],"_links":{"self":[{"href":"https:\/\/ciudadtrujillo.com\/index.php?rest_route=\/wp\/v2\/posts\/41062","targetHints":{"allow":["GET"]}}],"collection":[{"href":"https:\/\/ciudadtrujillo.com\/index.php?rest_route=\/wp\/v2\/posts"}],"about":[{"href":"https:\/\/ciudadtrujillo.com\/index.php?rest_route=\/wp\/v2\/types\/post"}],"author":[{"embeddable":true,"href":"https:\/\/ciudadtrujillo.com\/index.php?rest_route=\/wp\/v2\/users\/7"}],"replies":[{"embeddable":true,"href":"https:\/\/ciudadtrujillo.com\/index.php?rest_route=%2Fwp%2Fv2%2Fcomments&post=41062"}],"version-history":[{"count":1,"href":"https:\/\/ciudadtrujillo.com\/index.php?rest_route=\/wp\/v2\/posts\/41062\/revisions"}],"predecessor-version":[{"id":41064,"href":"https:\/\/ciudadtrujillo.com\/index.php?rest_route=\/wp\/v2\/posts\/41062\/revisions\/41064"}],"wp:featuredmedia":[{"embeddable":true,"href":"https:\/\/ciudadtrujillo.com\/index.php?rest_route=\/wp\/v2\/media\/41063"}],"wp:attachment":[{"href":"https:\/\/ciudadtrujillo.com\/index.php?rest_route=%2Fwp%2Fv2%2Fmedia&parent=41062"}],"wp:term":[{"taxonomy":"category","embeddable":true,"href":"https:\/\/ciudadtrujillo.com\/index.php?rest_route=%2Fwp%2Fv2%2Fcategories&post=41062"},{"taxonomy":"post_tag","embeddable":true,"href":"https:\/\/ciudadtrujillo.com\/index.php?rest_route=%2Fwp%2Fv2%2Ftags&post=41062"}],"curies":[{"name":"wp","href":"https:\/\/api.w.org\/{rel}","templated":true}]}}