{"id":41058,"date":"2024-12-15T22:12:02","date_gmt":"2024-12-16T02:12:02","guid":{"rendered":"https:\/\/ciudadtrujillo.com\/?p=41058"},"modified":"2024-12-15T22:12:02","modified_gmt":"2024-12-16T02:12:02","slug":"gobernador-gerardo-marquez-la-mayor-democracia-del-mundo-se-ejerce-en-venezuela","status":"publish","type":"post","link":"https:\/\/ciudadtrujillo.com\/?p=41058","title":{"rendered":"Gobernador Gerardo M\u00e1rquez: La mayor democracia del mundo se ejerce en Venezuela"},"content":{"rendered":"<p style=\"text-align: justify;\">Este domingo, en el marco de las elecciones celebradas en el pa\u00eds, el gobernador Gerardo M\u00e1rquez indic\u00f3 que el 15 de diciembre el pueblo estuvo \u201cen una fiesta de profundizaci\u00f3n de democracia\u201d. Respecto a esta jornada comicial para elegir a los jueces y juezas de paz, el mandatario regional asever\u00f3 que \u201cla mayor democracia del mundo se ejerce en Venezuela\u201d.<\/p>\n<p style=\"text-align: justify;\">M\u00e1rquez indic\u00f3 que, tal como lo establece la Constituci\u00f3n de la Rep\u00fablica Bolivariana de Venezuela en su art\u00edculo 258, el cual orienta a organizar la justicia de paz en las comunidades de acuerdo a la ley, \u201clos jueces o juezas de paz ser\u00e1n elegidas o elegidos por votaci\u00f3n universal, directa y secreta conforme a la ley\u201d, explic\u00f3.<\/p>\n<p style=\"text-align: justify;\">Enfatiz\u00f3 que antes quienes descalifican este proceso popular democr\u00e1tico, se trata de una elecci\u00f3n contemplada en la CRBV. Resalt\u00f3 la participaci\u00f3n del pueblo trujillano que se aboc\u00f3 a los centros electorales a ejercer su derecho al sufragio.<\/p>\n<p style=\"text-align: justify;\">Felicit\u00f3 a los funcionarios del Plan Rep\u00fablica y del Consejo Nacional Electoral, as\u00ed como a los 2.809 candidatos que participaron en esta fiesta electoral y al pueblo que es sin\u00f3nimo de expresi\u00f3n popular.<\/p>\n<p>&nbsp;<\/p>\n<p>&nbsp;<\/p>\n<h6>Yelimar Hidalgo<\/h6>\n","protected":false},"excerpt":{"rendered":"<p>Este domingo, en el marco de las elecciones celebradas en el pa\u00eds, el gobernador Gerardo M\u00e1rquez indic\u00f3 que el 15 de diciembre el pueblo estuvo \u201cen una fiesta de profundizaci\u00f3n&hellip; <\/p>\n","protected":false},"author":7,"featured_media":41059,"comment_status":"closed","ping_status":"closed","sticky":false,"template":"","format":"standard","meta":{"footnotes":""},"categories":[40],"tags":[],"class_list":["post-41058","post","type-post","status-publish","format-standard","has-post-thumbnail","hentry","category-grantrujillo"],"_links":{"self":[{"href":"https:\/\/ciudadtrujillo.com\/index.php?rest_route=\/wp\/v2\/posts\/41058","targetHints":{"allow":["GET"]}}],"collection":[{"href":"https:\/\/ciudadtrujillo.com\/index.php?rest_route=\/wp\/v2\/posts"}],"about":[{"href":"https:\/\/ciudadtrujillo.com\/index.php?rest_route=\/wp\/v2\/types\/post"}],"author":[{"embeddable":true,"href":"https:\/\/ciudadtrujillo.com\/index.php?rest_route=\/wp\/v2\/users\/7"}],"replies":[{"embeddable":true,"href":"https:\/\/ciudadtrujillo.com\/index.php?rest_route=%2Fwp%2Fv2%2Fcomments&post=41058"}],"version-history":[{"count":1,"href":"https:\/\/ciudadtrujillo.com\/index.php?rest_route=\/wp\/v2\/posts\/41058\/revisions"}],"predecessor-version":[{"id":41060,"href":"https:\/\/ciudadtrujillo.com\/index.php?rest_route=\/wp\/v2\/posts\/41058\/revisions\/41060"}],"wp:featuredmedia":[{"embeddable":true,"href":"https:\/\/ciudadtrujillo.com\/index.php?rest_route=\/wp\/v2\/media\/41059"}],"wp:attachment":[{"href":"https:\/\/ciudadtrujillo.com\/index.php?rest_route=%2Fwp%2Fv2%2Fmedia&parent=41058"}],"wp:term":[{"taxonomy":"category","embeddable":true,"href":"https:\/\/ciudadtrujillo.com\/index.php?rest_route=%2Fwp%2Fv2%2Fcategories&post=41058"},{"taxonomy":"post_tag","embeddable":true,"href":"https:\/\/ciudadtrujillo.com\/index.php?rest_route=%2Fwp%2Fv2%2Ftags&post=41058"}],"curies":[{"name":"wp","href":"https:\/\/api.w.org\/{rel}","templated":true}]}}