{"id":41051,"date":"2024-12-15T22:05:32","date_gmt":"2024-12-16T02:05:32","guid":{"rendered":"https:\/\/ciudadtrujillo.com\/?p=41051"},"modified":"2024-12-15T22:05:32","modified_gmt":"2024-12-16T02:05:32","slug":"presidente-maduro-celebra-eleccion-historica-de-los-jueces-de-paz","status":"publish","type":"post","link":"https:\/\/ciudadtrujillo.com\/?p=41051","title":{"rendered":"Presidente Maduro celebra \u201celecci\u00f3n hist\u00f3rica\u201d de los jueces de paz"},"content":{"rendered":"<p style=\"text-align: justify;\">El Presidente de la Rep\u00fablica, Nicol\u00e1s Maduro, realiz\u00f3 un balance de la jornada electoral desarrollada este domingo para la elecci\u00f3n de los jueces y juezas de paz del pa\u00eds, la cual calific\u00f3 como \u201cun momento hist\u00f3rico\u201d y estim\u00f3 que \u201cse ha pagado una deuda con la Constituci\u00f3n que a Dios gracias hemos cumplido\u201d.<\/p>\n<p style=\"text-align: justify;\">El mandatario nacional dijo que con este evento comicial se demuestra que las leyes venezolanas \u201cno son letra muerta\u201d, pues a su juicio, la movilizaci\u00f3n del pueblo ha reflejado que en el pa\u00eds existe una verdadera democracia. \u201cEstamos construyendo una nueva democracia de calidad y directa\u201d, a\u00f1adi\u00f3.<\/p>\n<p style=\"text-align: justify;\">El Jefe de Estado anunci\u00f3 que la primera elecci\u00f3n para la consulta de proyectos a las comunidades se realizar\u00e1 el domingo 26 de enero de 2025.<\/p>\n<p style=\"text-align: justify;\">Sostuvo que aquellos que quieran hablar cosas negativas contra el pa\u00eds, \u201cque vayan a los barrios para que vean lo que es la verdadera democracia directa\u201d, puntualiz\u00f3.<\/p>\n<p style=\"text-align: justify;\">Destac\u00f3 que por las redes sociales \u201cse pueden decir muchas cosas para manipular, pero el pueblo, los j\u00f3venes salen a la vanguardia a demostrar que la democracia verdadera se consolida en cada elecci\u00f3n\u201d, dijo. \u201cA esta hora a los fascistas les arde el odio, porque quer\u00edan a un pueblo sin navidades\u201d, asegur\u00f3.<\/p>\n<p>&nbsp;<\/p>\n<p>&nbsp;<\/p>\n<h6 style=\"text-align: justify;\">\u00daltimas Noticias<\/h6>\n","protected":false},"excerpt":{"rendered":"<p>El Presidente de la Rep\u00fablica, Nicol\u00e1s Maduro, realiz\u00f3 un balance de la jornada electoral desarrollada este domingo para la elecci\u00f3n de los jueces y juezas de paz del pa\u00eds, la&hellip; <\/p>\n","protected":false},"author":7,"featured_media":41052,"comment_status":"closed","ping_status":"closed","sticky":false,"template":"","format":"standard","meta":{"footnotes":""},"categories":[41],"tags":[],"class_list":["post-41051","post","type-post","status-publish","format-standard","has-post-thumbnail","hentry","category-pais"],"_links":{"self":[{"href":"https:\/\/ciudadtrujillo.com\/index.php?rest_route=\/wp\/v2\/posts\/41051","targetHints":{"allow":["GET"]}}],"collection":[{"href":"https:\/\/ciudadtrujillo.com\/index.php?rest_route=\/wp\/v2\/posts"}],"about":[{"href":"https:\/\/ciudadtrujillo.com\/index.php?rest_route=\/wp\/v2\/types\/post"}],"author":[{"embeddable":true,"href":"https:\/\/ciudadtrujillo.com\/index.php?rest_route=\/wp\/v2\/users\/7"}],"replies":[{"embeddable":true,"href":"https:\/\/ciudadtrujillo.com\/index.php?rest_route=%2Fwp%2Fv2%2Fcomments&post=41051"}],"version-history":[{"count":1,"href":"https:\/\/ciudadtrujillo.com\/index.php?rest_route=\/wp\/v2\/posts\/41051\/revisions"}],"predecessor-version":[{"id":41053,"href":"https:\/\/ciudadtrujillo.com\/index.php?rest_route=\/wp\/v2\/posts\/41051\/revisions\/41053"}],"wp:featuredmedia":[{"embeddable":true,"href":"https:\/\/ciudadtrujillo.com\/index.php?rest_route=\/wp\/v2\/media\/41052"}],"wp:attachment":[{"href":"https:\/\/ciudadtrujillo.com\/index.php?rest_route=%2Fwp%2Fv2%2Fmedia&parent=41051"}],"wp:term":[{"taxonomy":"category","embeddable":true,"href":"https:\/\/ciudadtrujillo.com\/index.php?rest_route=%2Fwp%2Fv2%2Fcategories&post=41051"},{"taxonomy":"post_tag","embeddable":true,"href":"https:\/\/ciudadtrujillo.com\/index.php?rest_route=%2Fwp%2Fv2%2Ftags&post=41051"}],"curies":[{"name":"wp","href":"https:\/\/api.w.org\/{rel}","templated":true}]}}