{"id":41045,"date":"2024-12-15T19:15:23","date_gmt":"2024-12-15T23:15:23","guid":{"rendered":"https:\/\/ciudadtrujillo.com\/?p=41045"},"modified":"2024-12-15T19:15:23","modified_gmt":"2024-12-15T23:15:23","slug":"lula-recibe-alta-hospitalaria-y-debe-permanecer-en-sao-paulo","status":"publish","type":"post","link":"https:\/\/ciudadtrujillo.com\/?p=41045","title":{"rendered":"Lula recibe alta hospitalaria y debe permanecer en Sao Paulo"},"content":{"rendered":"<p style=\"text-align: justify;\">El presidente brasile\u00f1o, Luiz In\u00e1cio Lula da Silva, recibi\u00f3 este domingo el alta del hospital Sirio-Liban\u00e9s, pero debe permanecer en el estado de Sao Paulo hasta el jueves, cuando se realizar\u00e1 una tomograf\u00eda de control para reevaluar su estado cl\u00ednico.<\/p>\n<p style=\"text-align: justify;\">\u00abDebido a la situaci\u00f3n y a la recuperaci\u00f3n de nuestro paciente, que fue muy por encima de lo esperado, para mi felicidad y la de todo nuestro equipo, el presidente est\u00e1 en alta hospitalaria y debe volver a casa ya\u00bb, afirm\u00f3 la doctora Ana Helena Germoglio, quien forma parte del equipo m\u00e9dico del mandatario.<\/p>\n<p style=\"text-align: justify;\">Seg\u00fan el cardi\u00f3logo Roberto Kalil, el exsindicalista, de 79 a\u00f1os, podr\u00e1 regresar a Brasilia a partir del jueves, si el resultado de la prueba es conforme con lo esperado por el staff de facultativos.<\/p>\n<p style=\"text-align: justify;\">Explic\u00f3 que el gobernante deber\u00e1 mantener descanso relativo por unos 15 d\u00edas, pero que podr\u00e1 reanudar la rutina de trabajo normalmente; \u201cTendr\u00e1 algunas restricciones en los pr\u00f3ximos 30 d\u00edas, como actividad f\u00edsica y viajes internacionales\u201d, precis\u00f3.<\/p>\n<p style=\"text-align: justify;\">Tras ex\u00e1menes de im\u00e1genes, se constat\u00f3 la necesidad de intervenci\u00f3n quir\u00fargica y fue transferido a la unidad sanitaria de Sao Paulo, donde se someti\u00f3 a una cirug\u00eda de emergencia, que se realiz\u00f3 sin complicaciones. Lula pas\u00f3 por dos cirug\u00edas, el d\u00eda 10 y 12, adem\u00e1s de un tercer procedimiento, tambi\u00e9n el jueves, para retirar un drenaje de la cabeza.<\/p>\n<p>&nbsp;<\/p>\n<p>&nbsp;<\/p>\n<h6>VTV<\/h6>\n","protected":false},"excerpt":{"rendered":"<p>El presidente brasile\u00f1o, Luiz In\u00e1cio Lula da Silva, recibi\u00f3 este domingo el alta del hospital Sirio-Liban\u00e9s, pero debe permanecer en el estado de Sao Paulo hasta el jueves, cuando se&hellip; <\/p>\n","protected":false},"author":7,"featured_media":41046,"comment_status":"closed","ping_status":"closed","sticky":false,"template":"","format":"standard","meta":{"footnotes":""},"categories":[42],"tags":[],"class_list":["post-41045","post","type-post","status-publish","format-standard","has-post-thumbnail","hentry","category-mundo"],"_links":{"self":[{"href":"https:\/\/ciudadtrujillo.com\/index.php?rest_route=\/wp\/v2\/posts\/41045","targetHints":{"allow":["GET"]}}],"collection":[{"href":"https:\/\/ciudadtrujillo.com\/index.php?rest_route=\/wp\/v2\/posts"}],"about":[{"href":"https:\/\/ciudadtrujillo.com\/index.php?rest_route=\/wp\/v2\/types\/post"}],"author":[{"embeddable":true,"href":"https:\/\/ciudadtrujillo.com\/index.php?rest_route=\/wp\/v2\/users\/7"}],"replies":[{"embeddable":true,"href":"https:\/\/ciudadtrujillo.com\/index.php?rest_route=%2Fwp%2Fv2%2Fcomments&post=41045"}],"version-history":[{"count":1,"href":"https:\/\/ciudadtrujillo.com\/index.php?rest_route=\/wp\/v2\/posts\/41045\/revisions"}],"predecessor-version":[{"id":41047,"href":"https:\/\/ciudadtrujillo.com\/index.php?rest_route=\/wp\/v2\/posts\/41045\/revisions\/41047"}],"wp:featuredmedia":[{"embeddable":true,"href":"https:\/\/ciudadtrujillo.com\/index.php?rest_route=\/wp\/v2\/media\/41046"}],"wp:attachment":[{"href":"https:\/\/ciudadtrujillo.com\/index.php?rest_route=%2Fwp%2Fv2%2Fmedia&parent=41045"}],"wp:term":[{"taxonomy":"category","embeddable":true,"href":"https:\/\/ciudadtrujillo.com\/index.php?rest_route=%2Fwp%2Fv2%2Fcategories&post=41045"},{"taxonomy":"post_tag","embeddable":true,"href":"https:\/\/ciudadtrujillo.com\/index.php?rest_route=%2Fwp%2Fv2%2Ftags&post=41045"}],"curies":[{"name":"wp","href":"https:\/\/api.w.org\/{rel}","templated":true}]}}