{"id":41039,"date":"2024-12-12T19:46:29","date_gmt":"2024-12-12T23:46:29","guid":{"rendered":"https:\/\/ciudadtrujillo.com\/?p=41039"},"modified":"2024-12-12T19:46:29","modified_gmt":"2024-12-12T23:46:29","slug":"gas-comunal-se-aproxima-a-los-3-millones-de-cilindros-distribuidos-en-trujillo","status":"publish","type":"post","link":"https:\/\/ciudadtrujillo.com\/?p=41039","title":{"rendered":"Gas Comunal se aproxima a los 3 millones de cilindros distribuidos en Trujillo"},"content":{"rendered":"<p style=\"text-align: justify;\">Cumpliendo con el compromiso asumido en garantizar la atenci\u00f3n al pueblo como ha orientado el Presidente Nicol\u00e1s Maduro y el gobernador Gerardo M\u00e1rquez, la empresa Trujillo Gas Comunal ha distribuido 61.758 cilindros, lo que equivale a 2.801.328 litros de GLP despachados en el estado desde el reciente ataque criminal al Complejo Gas\u00edfero Muscar el pasado 11 de noviembre.<\/p>\n<p style=\"text-align: justify;\">A trav\u00e9s de una entrevista en Paisana 92.5 FM, la autoridad \u00fanica de Gas Comunal en Trujillo, Cap. Seijas Adri\u00e1n, destac\u00f3 que gracias al \u201ctrabajo tit\u00e1nico que se realiza diariamente, nos aproximamos a una distribuci\u00f3n de 3 millones de cilindros en estos tres a\u00f1os de gesti\u00f3n\u201d.<\/p>\n<p style=\"text-align: justify;\">Se\u00f1al\u00f3 que se da prioridad a las familias a trav\u00e9s del Plan Especial de Contingencia y mencion\u00f3 que se avanza en el sexto ciclo de atenci\u00f3n en el estado, \u201ca pesar de la coyuntura hemos garantizado el servicio gas\u00edfero a los trujillanos\u201d.<\/p>\n<p style=\"text-align: justify;\">Asimismo, la autoridad \u00fanica de Gas Comunal resalt\u00f3 los esfuerzos del equipo del 1&#215;10 del Buen Gobierno que mantiene los despliegues en el territorio con visitas casa a casa para dar respuesta oportuna a las solicitudes de sustituci\u00f3n y asignaci\u00f3n de cilindros as\u00ed como cambios de v\u00e1lvulas, entre otros requerimientos.<\/p>\n<p style=\"text-align: justify;\">Ampli\u00f3 que pr\u00f3ximamente ser\u00e1n atendidos con las jornadas de distribuci\u00f3n los municipios Sucre, Candelaria, Miranda y La Ceiba.<\/p>\n<p>&nbsp;<\/p>\n<p>&nbsp;<\/p>\n<h6>Prensa Trujillo Gas Comunal\/ Yarlenis Albarr\u00e1n<\/h6>\n","protected":false},"excerpt":{"rendered":"<p>Cumpliendo con el compromiso asumido en garantizar la atenci\u00f3n al pueblo como ha orientado el Presidente Nicol\u00e1s Maduro y el gobernador Gerardo M\u00e1rquez, la empresa Trujillo Gas Comunal ha distribuido&hellip; <\/p>\n","protected":false},"author":7,"featured_media":41040,"comment_status":"closed","ping_status":"closed","sticky":false,"template":"","format":"standard","meta":{"footnotes":""},"categories":[40],"tags":[],"class_list":["post-41039","post","type-post","status-publish","format-standard","has-post-thumbnail","hentry","category-grantrujillo"],"_links":{"self":[{"href":"https:\/\/ciudadtrujillo.com\/index.php?rest_route=\/wp\/v2\/posts\/41039","targetHints":{"allow":["GET"]}}],"collection":[{"href":"https:\/\/ciudadtrujillo.com\/index.php?rest_route=\/wp\/v2\/posts"}],"about":[{"href":"https:\/\/ciudadtrujillo.com\/index.php?rest_route=\/wp\/v2\/types\/post"}],"author":[{"embeddable":true,"href":"https:\/\/ciudadtrujillo.com\/index.php?rest_route=\/wp\/v2\/users\/7"}],"replies":[{"embeddable":true,"href":"https:\/\/ciudadtrujillo.com\/index.php?rest_route=%2Fwp%2Fv2%2Fcomments&post=41039"}],"version-history":[{"count":1,"href":"https:\/\/ciudadtrujillo.com\/index.php?rest_route=\/wp\/v2\/posts\/41039\/revisions"}],"predecessor-version":[{"id":41041,"href":"https:\/\/ciudadtrujillo.com\/index.php?rest_route=\/wp\/v2\/posts\/41039\/revisions\/41041"}],"wp:featuredmedia":[{"embeddable":true,"href":"https:\/\/ciudadtrujillo.com\/index.php?rest_route=\/wp\/v2\/media\/41040"}],"wp:attachment":[{"href":"https:\/\/ciudadtrujillo.com\/index.php?rest_route=%2Fwp%2Fv2%2Fmedia&parent=41039"}],"wp:term":[{"taxonomy":"category","embeddable":true,"href":"https:\/\/ciudadtrujillo.com\/index.php?rest_route=%2Fwp%2Fv2%2Fcategories&post=41039"},{"taxonomy":"post_tag","embeddable":true,"href":"https:\/\/ciudadtrujillo.com\/index.php?rest_route=%2Fwp%2Fv2%2Ftags&post=41039"}],"curies":[{"name":"wp","href":"https:\/\/api.w.org\/{rel}","templated":true}]}}