{"id":41030,"date":"2024-12-12T19:37:39","date_gmt":"2024-12-12T23:37:39","guid":{"rendered":"https:\/\/ciudadtrujillo.com\/?p=41030"},"modified":"2024-12-12T19:37:39","modified_gmt":"2024-12-12T23:37:39","slug":"ejecutivo-regional-recupera-via-agricola-del-sector-las-piedras-del-municipio-capital","status":"publish","type":"post","link":"https:\/\/ciudadtrujillo.com\/?p=41030","title":{"rendered":"Ejecutivo regional recupera v\u00eda agr\u00edcola del sector Las Piedras del municipio capital"},"content":{"rendered":"<p style=\"text-align: justify;\">Tras culminar las labores de recuperaci\u00f3n de la v\u00eda agr\u00edcola en el sector El Algarrobo, la Direcci\u00f3n de Desarrollo Agroecol\u00f3gico traslad\u00f3 la maquinaria pesada (buldozzer) a la comunidad de Las Piedras del municipio Trujillo. Trabajos que se ejecutan como parte de la respuesta oportuna del Presidente Nicol\u00e1s Maduro y el gobernador Gerardo M\u00e1rquez.<\/p>\n<p style=\"text-align: justify;\">En este sentido, el Gobierno Bolivariano mantiene su palabra empe\u00f1ada con los productores de la entidad. En esta oportunidad est\u00e1 v\u00eda del sector Las Piedras contaba con 42 a\u00f1os sin ser intervenida con labores de restauraci\u00f3n.<\/p>\n<p style=\"text-align: justify;\">Cabe destacar que en articulaci\u00f3n del tridente se desarrolla la recuperaci\u00f3n de las carreteras rurales, una uni\u00f3n perfecta del gobierno regional, los productores organizados y el poder popular.<\/p>\n<p>&nbsp;<\/p>\n<p>&nbsp;<\/p>\n<h6>Prensa Desarrollo Agroecol\u00f3gico<\/h6>\n","protected":false},"excerpt":{"rendered":"<p>Tras culminar las labores de recuperaci\u00f3n de la v\u00eda agr\u00edcola en el sector El Algarrobo, la Direcci\u00f3n de Desarrollo Agroecol\u00f3gico traslad\u00f3 la maquinaria pesada (buldozzer) a la comunidad de Las&hellip; <\/p>\n","protected":false},"author":7,"featured_media":41031,"comment_status":"closed","ping_status":"closed","sticky":false,"template":"","format":"standard","meta":{"footnotes":""},"categories":[40],"tags":[],"class_list":["post-41030","post","type-post","status-publish","format-standard","has-post-thumbnail","hentry","category-grantrujillo"],"_links":{"self":[{"href":"https:\/\/ciudadtrujillo.com\/index.php?rest_route=\/wp\/v2\/posts\/41030","targetHints":{"allow":["GET"]}}],"collection":[{"href":"https:\/\/ciudadtrujillo.com\/index.php?rest_route=\/wp\/v2\/posts"}],"about":[{"href":"https:\/\/ciudadtrujillo.com\/index.php?rest_route=\/wp\/v2\/types\/post"}],"author":[{"embeddable":true,"href":"https:\/\/ciudadtrujillo.com\/index.php?rest_route=\/wp\/v2\/users\/7"}],"replies":[{"embeddable":true,"href":"https:\/\/ciudadtrujillo.com\/index.php?rest_route=%2Fwp%2Fv2%2Fcomments&post=41030"}],"version-history":[{"count":1,"href":"https:\/\/ciudadtrujillo.com\/index.php?rest_route=\/wp\/v2\/posts\/41030\/revisions"}],"predecessor-version":[{"id":41032,"href":"https:\/\/ciudadtrujillo.com\/index.php?rest_route=\/wp\/v2\/posts\/41030\/revisions\/41032"}],"wp:featuredmedia":[{"embeddable":true,"href":"https:\/\/ciudadtrujillo.com\/index.php?rest_route=\/wp\/v2\/media\/41031"}],"wp:attachment":[{"href":"https:\/\/ciudadtrujillo.com\/index.php?rest_route=%2Fwp%2Fv2%2Fmedia&parent=41030"}],"wp:term":[{"taxonomy":"category","embeddable":true,"href":"https:\/\/ciudadtrujillo.com\/index.php?rest_route=%2Fwp%2Fv2%2Fcategories&post=41030"},{"taxonomy":"post_tag","embeddable":true,"href":"https:\/\/ciudadtrujillo.com\/index.php?rest_route=%2Fwp%2Fv2%2Ftags&post=41030"}],"curies":[{"name":"wp","href":"https:\/\/api.w.org\/{rel}","templated":true}]}}