{"id":41007,"date":"2024-12-11T20:38:22","date_gmt":"2024-12-12T00:38:22","guid":{"rendered":"https:\/\/ciudadtrujillo.com\/?p=41007"},"modified":"2024-12-11T20:38:22","modified_gmt":"2024-12-12T00:38:22","slug":"juramentan-a-ninas-y-ninos-contralores-escolares-del-estado","status":"publish","type":"post","link":"https:\/\/ciudadtrujillo.com\/?p=41007","title":{"rendered":"Juramentan a ni\u00f1as y ni\u00f1os contralores escolares del estado"},"content":{"rendered":"<p style=\"text-align: justify;\">Recientemente se celebr\u00f3 un significativo acto en el que se juramentaron a los ni\u00f1os y ni\u00f1as contralores escolares y subcontralores. Este importante acto fue presidido por la Abg. Mar\u00eda Elena Mendoza, contralora del estado Trujillo, quien tuvo el honor de juramentar a los nuevos contralores escolares.<\/p>\n<p style=\"text-align: justify;\">La actividad reuni\u00f3 a estudiantes entusiastas y comprometidos, destacando el compromiso de los ni\u00f1os en la promoci\u00f3n de la transparencia y la rendici\u00f3n de cuentas en sus centros educativos. Los ni\u00f1os contralores escolares jugar\u00e1n un papel importante en la vigilancia y el control social dentro de sus instituciones educativas.<\/p>\n<p style=\"text-align: justify;\">Este evento resalta la importancia de la participaci\u00f3n de las ni\u00f1as y ni\u00f1os en estos programas donde se le da participaci\u00f3n para que se involucren desde temprana edad en actividades de control.<\/p>\n<p style=\"text-align: justify;\">\u00abHoy, al juramentar a nuestras ni\u00f1as y ni\u00f1os contralores escolares, celebramos no solo su entusiasmo y dedicaci\u00f3n, sino tambi\u00e9n el futuro que construimos juntos. Este acto representa un firme compromiso hacia la transparencia y la responsabilidad en las instituciones educativas. Nuestros ni\u00f1os y ni\u00f1as son el reflejo de los valores que deseamos cultivar: integridad, respeto y participaci\u00f3n activa. Juntos, con su liderazgo, estamos sembrando las semillas de un ma\u00f1ana m\u00e1s justo y consciente. Su voz y su acci\u00f3n son esenciales para forjar un camino hacia un Estado m\u00e1s transparente y responsable. \u00a1Sigamos adelante con valent\u00eda y determinaci\u00f3n!\u00bb<\/p>\n<p>&nbsp;<\/p>\n<p>&nbsp;<\/p>\n<h6>Prensa Cet<\/h6>\n","protected":false},"excerpt":{"rendered":"<p>Recientemente se celebr\u00f3 un significativo acto en el que se juramentaron a los ni\u00f1os y ni\u00f1as contralores escolares y subcontralores. Este importante acto fue presidido por la Abg. Mar\u00eda Elena&hellip; <\/p>\n","protected":false},"author":7,"featured_media":41008,"comment_status":"closed","ping_status":"closed","sticky":false,"template":"","format":"standard","meta":{"footnotes":""},"categories":[40],"tags":[],"class_list":["post-41007","post","type-post","status-publish","format-standard","has-post-thumbnail","hentry","category-grantrujillo"],"_links":{"self":[{"href":"https:\/\/ciudadtrujillo.com\/index.php?rest_route=\/wp\/v2\/posts\/41007","targetHints":{"allow":["GET"]}}],"collection":[{"href":"https:\/\/ciudadtrujillo.com\/index.php?rest_route=\/wp\/v2\/posts"}],"about":[{"href":"https:\/\/ciudadtrujillo.com\/index.php?rest_route=\/wp\/v2\/types\/post"}],"author":[{"embeddable":true,"href":"https:\/\/ciudadtrujillo.com\/index.php?rest_route=\/wp\/v2\/users\/7"}],"replies":[{"embeddable":true,"href":"https:\/\/ciudadtrujillo.com\/index.php?rest_route=%2Fwp%2Fv2%2Fcomments&post=41007"}],"version-history":[{"count":1,"href":"https:\/\/ciudadtrujillo.com\/index.php?rest_route=\/wp\/v2\/posts\/41007\/revisions"}],"predecessor-version":[{"id":41009,"href":"https:\/\/ciudadtrujillo.com\/index.php?rest_route=\/wp\/v2\/posts\/41007\/revisions\/41009"}],"wp:featuredmedia":[{"embeddable":true,"href":"https:\/\/ciudadtrujillo.com\/index.php?rest_route=\/wp\/v2\/media\/41008"}],"wp:attachment":[{"href":"https:\/\/ciudadtrujillo.com\/index.php?rest_route=%2Fwp%2Fv2%2Fmedia&parent=41007"}],"wp:term":[{"taxonomy":"category","embeddable":true,"href":"https:\/\/ciudadtrujillo.com\/index.php?rest_route=%2Fwp%2Fv2%2Fcategories&post=41007"},{"taxonomy":"post_tag","embeddable":true,"href":"https:\/\/ciudadtrujillo.com\/index.php?rest_route=%2Fwp%2Fv2%2Ftags&post=41007"}],"curies":[{"name":"wp","href":"https:\/\/api.w.org\/{rel}","templated":true}]}}