{"id":41004,"date":"2024-12-11T20:35:29","date_gmt":"2024-12-12T00:35:29","guid":{"rendered":"https:\/\/ciudadtrujillo.com\/?p=41004"},"modified":"2024-12-11T20:35:29","modified_gmt":"2024-12-12T00:35:29","slug":"emao-ejecuto-jornadas-de-limpieza-vial-en-5-municipios","status":"publish","type":"post","link":"https:\/\/ciudadtrujillo.com\/?p=41004","title":{"rendered":"Emao ejecut\u00f3 jornadas de limpieza vial en 5 municipios"},"content":{"rendered":"<p style=\"text-align: justify;\">La Empresa de Mantenimiento Aseo y Ornato (Emao) de la Gobernaci\u00f3n de Trujillo llev\u00f3 a cabo jornadas de desmalezamiento que abord\u00f3 m\u00e1s de 5.05 kil\u00f3metros de vialidad en varios municipios de la entidad. Esta actividad se realiz\u00f3 como parte de las orientaciones del Presidente Nicol\u00e1s Maduro y del gobernador Gerardo M\u00e1rquez.<\/p>\n<p style=\"text-align: justify;\">Durante las jornadas, se desplegaron alrededor de 220 obreros, quienes trabajaron arduamente para desarrollar estas labores. Asimismo, se lograron recolectar un total de 7.5 toneladas de desechos vegetales.<\/p>\n<p style=\"text-align: justify;\">Es importante mencionar que entre los municipios atendidos se impactaron Valera, Candelaria, Motat\u00e1n, Rafael Rangel y Carache. Jurisdicciones en la que el talento humano de esta empresa reafirma su compromiso con el bienestar del pueblo.<\/p>\n<p>&nbsp;<\/p>\n<p>&nbsp;<\/p>\n<h6>Gianella Graterol\/Gr\u00e1ficas: Cortes\u00eda<\/h6>\n","protected":false},"excerpt":{"rendered":"<p>La Empresa de Mantenimiento Aseo y Ornato (Emao) de la Gobernaci\u00f3n de Trujillo llev\u00f3 a cabo jornadas de desmalezamiento que abord\u00f3 m\u00e1s de 5.05 kil\u00f3metros de vialidad en varios municipios&hellip; <\/p>\n","protected":false},"author":7,"featured_media":41005,"comment_status":"closed","ping_status":"closed","sticky":false,"template":"","format":"standard","meta":{"footnotes":""},"categories":[40],"tags":[],"class_list":["post-41004","post","type-post","status-publish","format-standard","has-post-thumbnail","hentry","category-grantrujillo"],"_links":{"self":[{"href":"https:\/\/ciudadtrujillo.com\/index.php?rest_route=\/wp\/v2\/posts\/41004","targetHints":{"allow":["GET"]}}],"collection":[{"href":"https:\/\/ciudadtrujillo.com\/index.php?rest_route=\/wp\/v2\/posts"}],"about":[{"href":"https:\/\/ciudadtrujillo.com\/index.php?rest_route=\/wp\/v2\/types\/post"}],"author":[{"embeddable":true,"href":"https:\/\/ciudadtrujillo.com\/index.php?rest_route=\/wp\/v2\/users\/7"}],"replies":[{"embeddable":true,"href":"https:\/\/ciudadtrujillo.com\/index.php?rest_route=%2Fwp%2Fv2%2Fcomments&post=41004"}],"version-history":[{"count":1,"href":"https:\/\/ciudadtrujillo.com\/index.php?rest_route=\/wp\/v2\/posts\/41004\/revisions"}],"predecessor-version":[{"id":41006,"href":"https:\/\/ciudadtrujillo.com\/index.php?rest_route=\/wp\/v2\/posts\/41004\/revisions\/41006"}],"wp:featuredmedia":[{"embeddable":true,"href":"https:\/\/ciudadtrujillo.com\/index.php?rest_route=\/wp\/v2\/media\/41005"}],"wp:attachment":[{"href":"https:\/\/ciudadtrujillo.com\/index.php?rest_route=%2Fwp%2Fv2%2Fmedia&parent=41004"}],"wp:term":[{"taxonomy":"category","embeddable":true,"href":"https:\/\/ciudadtrujillo.com\/index.php?rest_route=%2Fwp%2Fv2%2Fcategories&post=41004"},{"taxonomy":"post_tag","embeddable":true,"href":"https:\/\/ciudadtrujillo.com\/index.php?rest_route=%2Fwp%2Fv2%2Ftags&post=41004"}],"curies":[{"name":"wp","href":"https:\/\/api.w.org\/{rel}","templated":true}]}}