{"id":40959,"date":"2024-12-10T21:10:52","date_gmt":"2024-12-11T01:10:52","guid":{"rendered":"https:\/\/ciudadtrujillo.com\/?p=40959"},"modified":"2024-12-10T21:10:52","modified_gmt":"2024-12-11T01:10:52","slug":"ejecutivo-regional-rehabilita-espacios-de-san-jose-de-tostos-del-municipio-bocono","status":"publish","type":"post","link":"https:\/\/ciudadtrujillo.com\/?p=40959","title":{"rendered":"Ejecutivo regional rehabilita espacios de San Jos\u00e9 de Tost\u00f3s del municipio Bocon\u00f3"},"content":{"rendered":"<div dir=\"auto\" style=\"text-align: justify;\"><\/div>\n<div dir=\"auto\" style=\"text-align: justify;\">\u00a0En cumplimiento a las orientaciones del Presidente Nicol\u00e1s Maduro; ministro del Poder Popular para la Vivienda, Ra\u00fal Paredes y del gobernador Gerardo M\u00e1rquez, la fuerza trabajadora de la Gran Misi\u00f3n Barrio Nuevo Barrio Tricolor lleva a cabo labores de embellecimiento y rehabilitaci\u00f3n de espacios p\u00fablicos en la poblaci\u00f3n de San Jos\u00e9 de Tost\u00f3s del municipio Bocon\u00f3.<\/div>\n<div dir=\"auto\" style=\"text-align: justify;\"><\/div>\n<div dir=\"auto\" style=\"text-align: justify;\">Las acciones se ejecutan en articulaci\u00f3n con el Ministerio del Poder Popular para Obras P\u00fablicas, Gobernaci\u00f3n de Trujillo y Alcald\u00eda de Bocon\u00f3, en el marco de las pol\u00edticas desarrolladas por el bienestar supremo del pueblo.<\/div>\n<div dir=\"auto\" style=\"text-align: justify;\"><\/div>\n<div dir=\"auto\" style=\"text-align: justify;\">Entre las labores ejecutadas est\u00e1 la rehabilitaci\u00f3n de fachadas de la localidad; colocaci\u00f3n de pintura, limpieza y ornato en la plaza Bol\u00edvar, rehabilitaci\u00f3n de la cancha deportiva comunitaria \u00abAlirio Ca\u00f1izales\u00bb, as\u00ed como el desmalezamiento del cementerio.<\/div>\n<div dir=\"auto\" style=\"text-align: justify;\"><\/div>\n<div dir=\"auto\" style=\"text-align: justify;\">Tambi\u00e9n se lleva a cabo la colocaci\u00f3n de pintura en el \u00e1rea externa del Consultorio Popular Tipo II y el Liceo de Tost\u00f3s, adem\u00e1s de la limpieza, desmalezamiento y ornato del \u00e1rea de la Capilla de la Virgen de Coromoto, El Indio y las letras de Tost\u00f3s.<\/div>\n<div dir=\"auto\"><\/div>\n<div dir=\"auto\"><\/div>\n<h6 dir=\"auto\">Yelimar Hidalgo con informaci\u00f3n de Gmbnbt Trujillo<\/h6>\n","protected":false},"excerpt":{"rendered":"<p>\u00a0En cumplimiento a las orientaciones del Presidente Nicol\u00e1s Maduro; ministro del Poder Popular para la Vivienda, Ra\u00fal Paredes y del gobernador Gerardo M\u00e1rquez, la fuerza trabajadora de la Gran Misi\u00f3n&hellip; <\/p>\n","protected":false},"author":7,"featured_media":40960,"comment_status":"closed","ping_status":"closed","sticky":false,"template":"","format":"standard","meta":{"footnotes":""},"categories":[40],"tags":[],"class_list":["post-40959","post","type-post","status-publish","format-standard","has-post-thumbnail","hentry","category-grantrujillo"],"_links":{"self":[{"href":"https:\/\/ciudadtrujillo.com\/index.php?rest_route=\/wp\/v2\/posts\/40959","targetHints":{"allow":["GET"]}}],"collection":[{"href":"https:\/\/ciudadtrujillo.com\/index.php?rest_route=\/wp\/v2\/posts"}],"about":[{"href":"https:\/\/ciudadtrujillo.com\/index.php?rest_route=\/wp\/v2\/types\/post"}],"author":[{"embeddable":true,"href":"https:\/\/ciudadtrujillo.com\/index.php?rest_route=\/wp\/v2\/users\/7"}],"replies":[{"embeddable":true,"href":"https:\/\/ciudadtrujillo.com\/index.php?rest_route=%2Fwp%2Fv2%2Fcomments&post=40959"}],"version-history":[{"count":1,"href":"https:\/\/ciudadtrujillo.com\/index.php?rest_route=\/wp\/v2\/posts\/40959\/revisions"}],"predecessor-version":[{"id":40961,"href":"https:\/\/ciudadtrujillo.com\/index.php?rest_route=\/wp\/v2\/posts\/40959\/revisions\/40961"}],"wp:featuredmedia":[{"embeddable":true,"href":"https:\/\/ciudadtrujillo.com\/index.php?rest_route=\/wp\/v2\/media\/40960"}],"wp:attachment":[{"href":"https:\/\/ciudadtrujillo.com\/index.php?rest_route=%2Fwp%2Fv2%2Fmedia&parent=40959"}],"wp:term":[{"taxonomy":"category","embeddable":true,"href":"https:\/\/ciudadtrujillo.com\/index.php?rest_route=%2Fwp%2Fv2%2Fcategories&post=40959"},{"taxonomy":"post_tag","embeddable":true,"href":"https:\/\/ciudadtrujillo.com\/index.php?rest_route=%2Fwp%2Fv2%2Ftags&post=40959"}],"curies":[{"name":"wp","href":"https:\/\/api.w.org\/{rel}","templated":true}]}}