{"id":40947,"date":"2024-12-10T20:57:51","date_gmt":"2024-12-11T00:57:51","guid":{"rendered":"https:\/\/ciudadtrujillo.com\/?p=40947"},"modified":"2024-12-10T20:57:51","modified_gmt":"2024-12-11T00:57:51","slug":"vicepresidenta-delcy-rodriguez-sostuvo-reunion-con-presidente-de-emiratos-arabes-unidos","status":"publish","type":"post","link":"https:\/\/ciudadtrujillo.com\/?p=40947","title":{"rendered":"Vicepresidenta Delcy Rodr\u00edguez sostuvo reuni\u00f3n con presidente de Emiratos \u00c1rabes Unidos"},"content":{"rendered":"<p style=\"text-align: justify;\">La vicepresidenta ejecutiva de la Rep\u00fablica, Delcy Rodr\u00edguez, sostuvo este martes una reuni\u00f3n de trabajo con el presidente de Emiratos \u00c1rabes Unidos, jeque Mohammed bin Zayed Al Nahyan, para revisar la agenda de relaciones bilaterales y examinar distintos sectores \u201cdonde puede haber inter\u00e9s com\u00fan para el desarrollo de ambos pueblos\u201d.<\/p>\n<p style=\"text-align: justify;\">Mediante sus cuentas en redes sociales, Rodr\u00edguez expres\u00f3 que durante el encuentro, que cont\u00f3 con otras autoridades de ambos pa\u00edses, agradeci\u00f3 la bienvenida a la delegaci\u00f3n venezolana y \u201cen nombre del presidente Nicol\u00e1s Maduro Moros felicitamos el 53 aniversario del D\u00eda Nacional de los Emiratos \u00c1rabes Unidos y resaltamos la gesta de la batalla de Ayacucho hace 200 a\u00f1os\u201d.<\/p>\n<p style=\"text-align: justify;\">Adem\u00e1s, destac\u00f3 que ambas naciones cuentan con una historia com\u00fan que comparten en los espacios de la Organizaci\u00f3n de Pa\u00edses Exportadores de Petr\u00f3leo (Opep) y ahora en la Opep plus \u201cdonde han sumado esfuerzos para la estabilidad y defensa del mercado energ\u00e9tico global\u201d.<\/p>\n<p style=\"text-align: justify;\">La tambi\u00e9n ministra para el Petr\u00f3leo arrib\u00f3 a la ciudad de Abu Dabi, capital emirat\u00ed, tras finalizar la visita oficial realizada a China.<\/p>\n<p style=\"text-align: justify;\">Por su parte, la vicepresidencia de la Rep\u00fablica destac\u00f3 que con esta visita de trabajo se ratifica la disposici\u00f3n de impulsar las relaciones con Emiratos \u00c1rabes Unidos, que es una naci\u00f3n rica en recursos energ\u00e9ticos al igual que Venezuela.<\/p>\n<p>&nbsp;<\/p>\n<p>&nbsp;<\/p>\n<h6>\u00daltimas Noticias<\/h6>\n","protected":false},"excerpt":{"rendered":"<p>La vicepresidenta ejecutiva de la Rep\u00fablica, Delcy Rodr\u00edguez, sostuvo este martes una reuni\u00f3n de trabajo con el presidente de Emiratos \u00c1rabes Unidos, jeque Mohammed bin Zayed Al Nahyan, para revisar&hellip; <\/p>\n","protected":false},"author":7,"featured_media":40948,"comment_status":"closed","ping_status":"closed","sticky":false,"template":"","format":"standard","meta":{"footnotes":""},"categories":[41],"tags":[],"class_list":["post-40947","post","type-post","status-publish","format-standard","has-post-thumbnail","hentry","category-pais"],"_links":{"self":[{"href":"https:\/\/ciudadtrujillo.com\/index.php?rest_route=\/wp\/v2\/posts\/40947","targetHints":{"allow":["GET"]}}],"collection":[{"href":"https:\/\/ciudadtrujillo.com\/index.php?rest_route=\/wp\/v2\/posts"}],"about":[{"href":"https:\/\/ciudadtrujillo.com\/index.php?rest_route=\/wp\/v2\/types\/post"}],"author":[{"embeddable":true,"href":"https:\/\/ciudadtrujillo.com\/index.php?rest_route=\/wp\/v2\/users\/7"}],"replies":[{"embeddable":true,"href":"https:\/\/ciudadtrujillo.com\/index.php?rest_route=%2Fwp%2Fv2%2Fcomments&post=40947"}],"version-history":[{"count":1,"href":"https:\/\/ciudadtrujillo.com\/index.php?rest_route=\/wp\/v2\/posts\/40947\/revisions"}],"predecessor-version":[{"id":40949,"href":"https:\/\/ciudadtrujillo.com\/index.php?rest_route=\/wp\/v2\/posts\/40947\/revisions\/40949"}],"wp:featuredmedia":[{"embeddable":true,"href":"https:\/\/ciudadtrujillo.com\/index.php?rest_route=\/wp\/v2\/media\/40948"}],"wp:attachment":[{"href":"https:\/\/ciudadtrujillo.com\/index.php?rest_route=%2Fwp%2Fv2%2Fmedia&parent=40947"}],"wp:term":[{"taxonomy":"category","embeddable":true,"href":"https:\/\/ciudadtrujillo.com\/index.php?rest_route=%2Fwp%2Fv2%2Fcategories&post=40947"},{"taxonomy":"post_tag","embeddable":true,"href":"https:\/\/ciudadtrujillo.com\/index.php?rest_route=%2Fwp%2Fv2%2Ftags&post=40947"}],"curies":[{"name":"wp","href":"https:\/\/api.w.org\/{rel}","templated":true}]}}