{"id":40942,"date":"2024-12-09T22:29:53","date_gmt":"2024-12-10T02:29:53","guid":{"rendered":"https:\/\/ciudadtrujillo.com\/?p=40942"},"modified":"2024-12-09T22:29:53","modified_gmt":"2024-12-10T02:29:53","slug":"trujillo-exalta-gloria-independentista-en-el-bicentenario-de-la-batalla-de-ayacucho","status":"publish","type":"post","link":"https:\/\/ciudadtrujillo.com\/?p=40942","title":{"rendered":"Trujillo exalta gloria independentista en el Bicentenario de la Batalla de Ayacucho"},"content":{"rendered":"<p style=\"text-align: justify;\">En la Plaza Sucre del municipio Valera se conmemor\u00f3 el destierro definitivo del imperio espa\u00f1ol de Sudam\u00e9rica, hace 200 a\u00f1os, en la Batalla de Ayacucho. En fusi\u00f3n popular, militar y policial, se realizaron actividades protocolares para reafirmar el compromiso patrio y estuvo como orador de orden el comandante del 222 Batall\u00f3n de Infanter\u00eda \u201cCnel. Luis Mar\u00eda Rivas D\u00e1vila\u201d, Tcnel. \u00c1ngel Chac\u00f3n.<\/p>\n<p style=\"text-align: justify;\">El secretario general de gobierno, GD Julio Y\u00e9pez Castro, dijo que nuestra regi\u00f3n est\u00e1 orgullosa por la gloria de Ayacucho. \u00abCelebramos el compromiso de seguir avanzando, como lo dec\u00eda Ch\u00e1vez en su momento. Este acto de hoy ha sido la reafirmaci\u00f3n de ese prop\u00f3sito\u00bb, declar\u00f3.<\/p>\n<p style=\"text-align: justify;\">Por su parte, el comandante de la Zona Operativa de Defensa Integral n\u00fam. 23 Trujillo, G\/D Rafael Zerpa, destac\u00f3 que esta batalla librada en Per\u00fa consolid\u00f3 la independencia absoluta de los pueblos sudamericanos en la cual el Gran Mariscal de Ayacucho, Antonio Jos\u00e9 de Sucre, estuvo al frente del ej\u00e9rcito victorioso. A\u00f1adi\u00f3 que el Abel de Am\u00e9rica fue un estratega que venci\u00f3 a los realistas, pese a que los doblegaban en cantidad de combatientes as\u00ed como en piezas de artiller\u00eda.<\/p>\n<p>&nbsp;<\/p>\n<p>&nbsp;<\/p>\n<p>&nbsp;<\/p>\n<h6>Eliph Catalina Fern\u00e1ndez\/Gr\u00e1ficas: David V\u00e1squez \/ Samuel Torres<\/h6>\n","protected":false},"excerpt":{"rendered":"<p>En la Plaza Sucre del municipio Valera se conmemor\u00f3 el destierro definitivo del imperio espa\u00f1ol de Sudam\u00e9rica, hace 200 a\u00f1os, en la Batalla de Ayacucho. En fusi\u00f3n popular, militar y&hellip; <\/p>\n","protected":false},"author":7,"featured_media":40943,"comment_status":"closed","ping_status":"closed","sticky":false,"template":"","format":"standard","meta":{"footnotes":""},"categories":[52,40],"tags":[],"class_list":["post-40942","post","type-post","status-publish","format-standard","has-post-thumbnail","hentry","category-destacadas","category-grantrujillo"],"_links":{"self":[{"href":"https:\/\/ciudadtrujillo.com\/index.php?rest_route=\/wp\/v2\/posts\/40942","targetHints":{"allow":["GET"]}}],"collection":[{"href":"https:\/\/ciudadtrujillo.com\/index.php?rest_route=\/wp\/v2\/posts"}],"about":[{"href":"https:\/\/ciudadtrujillo.com\/index.php?rest_route=\/wp\/v2\/types\/post"}],"author":[{"embeddable":true,"href":"https:\/\/ciudadtrujillo.com\/index.php?rest_route=\/wp\/v2\/users\/7"}],"replies":[{"embeddable":true,"href":"https:\/\/ciudadtrujillo.com\/index.php?rest_route=%2Fwp%2Fv2%2Fcomments&post=40942"}],"version-history":[{"count":1,"href":"https:\/\/ciudadtrujillo.com\/index.php?rest_route=\/wp\/v2\/posts\/40942\/revisions"}],"predecessor-version":[{"id":40944,"href":"https:\/\/ciudadtrujillo.com\/index.php?rest_route=\/wp\/v2\/posts\/40942\/revisions\/40944"}],"wp:featuredmedia":[{"embeddable":true,"href":"https:\/\/ciudadtrujillo.com\/index.php?rest_route=\/wp\/v2\/media\/40943"}],"wp:attachment":[{"href":"https:\/\/ciudadtrujillo.com\/index.php?rest_route=%2Fwp%2Fv2%2Fmedia&parent=40942"}],"wp:term":[{"taxonomy":"category","embeddable":true,"href":"https:\/\/ciudadtrujillo.com\/index.php?rest_route=%2Fwp%2Fv2%2Fcategories&post=40942"},{"taxonomy":"post_tag","embeddable":true,"href":"https:\/\/ciudadtrujillo.com\/index.php?rest_route=%2Fwp%2Fv2%2Ftags&post=40942"}],"curies":[{"name":"wp","href":"https:\/\/api.w.org\/{rel}","templated":true}]}}