{"id":40939,"date":"2024-12-09T22:26:14","date_gmt":"2024-12-10T02:26:14","guid":{"rendered":"https:\/\/ciudadtrujillo.com\/?p=40939"},"modified":"2024-12-09T22:26:14","modified_gmt":"2024-12-10T02:26:14","slug":"gobierno-regional-avanza-rehabilitacion-vial-del-tramo-minas-torococo","status":"publish","type":"post","link":"https:\/\/ciudadtrujillo.com\/?p=40939","title":{"rendered":"Gobierno regional avanza rehabilitaci\u00f3n vial del tramo Minas &#8211; Torococo"},"content":{"rendered":"<p style=\"text-align: justify;\">El secretario de infraestructura de la Gobernaci\u00f3n de Trujillo, Ing. Henry Gonz\u00e1lez, inform\u00f3 que los trabajos de recuperaci\u00f3n de la v\u00eda rural en el tramo Minas &#8211; Torococo, municipio Candelaria, se desarrollan satisfactoriamente presentando un 55% de avance gracias a los aportes del Presidente Nicol\u00e1s Maduro y el apoyo del gobernador Gerardo M\u00e1rquez.<\/p>\n<p style=\"text-align: justify;\">Gonz\u00e1lez destac\u00f3 que el equipo que conforma la Secretar\u00eda de Infraestructura contin\u00faa el abordaje con 168 trabajadores activos y la maquinaria necesaria en lo que respecta a la rehabilitaci\u00f3n de la calzada de la v\u00eda donde se registran 11 fallas de borde, de las cuales se han atendido cuatro y en la semana seguir\u00e1n atendiendo este importante tramo a fin de solventar la situaci\u00f3n.<\/p>\n<p style=\"text-align: justify;\">El ingeniero explic\u00f3 que al concretarse la recuperaci\u00f3n de las fallas de borde, se proceder\u00e1 a efectuar los trabajos de asfaltado y demarcaci\u00f3n en la zona, tal como lo orient\u00f3 el gobernador Gerardo M\u00e1rquez durante su visita a la localidad.<\/p>\n<p style=\"text-align: justify;\">En las labores trabajan mancomunadamente los ministerios del Poder Popular para el Transporte y Obras P\u00fablicas junto a instituciones regionales como la Empresa de la Construcci\u00f3n de Trujillo (Emcontru), Empresa de Asfalto del estado (Emastru), Direcci\u00f3n de Infraestructura (Dinfra), Empresa de Mantenimiento, Aseo y Ornato (Emao), entre otras.<\/p>\n<p>&nbsp;<\/p>\n<p>&nbsp;<\/p>\n<h6>Prensa Dinfra<\/h6>\n","protected":false},"excerpt":{"rendered":"<p>El secretario de infraestructura de la Gobernaci\u00f3n de Trujillo, Ing. Henry Gonz\u00e1lez, inform\u00f3 que los trabajos de recuperaci\u00f3n de la v\u00eda rural en el tramo Minas &#8211; Torococo, municipio Candelaria,&hellip; <\/p>\n","protected":false},"author":7,"featured_media":40940,"comment_status":"closed","ping_status":"closed","sticky":false,"template":"","format":"standard","meta":{"footnotes":""},"categories":[40],"tags":[],"class_list":["post-40939","post","type-post","status-publish","format-standard","has-post-thumbnail","hentry","category-grantrujillo"],"_links":{"self":[{"href":"https:\/\/ciudadtrujillo.com\/index.php?rest_route=\/wp\/v2\/posts\/40939","targetHints":{"allow":["GET"]}}],"collection":[{"href":"https:\/\/ciudadtrujillo.com\/index.php?rest_route=\/wp\/v2\/posts"}],"about":[{"href":"https:\/\/ciudadtrujillo.com\/index.php?rest_route=\/wp\/v2\/types\/post"}],"author":[{"embeddable":true,"href":"https:\/\/ciudadtrujillo.com\/index.php?rest_route=\/wp\/v2\/users\/7"}],"replies":[{"embeddable":true,"href":"https:\/\/ciudadtrujillo.com\/index.php?rest_route=%2Fwp%2Fv2%2Fcomments&post=40939"}],"version-history":[{"count":1,"href":"https:\/\/ciudadtrujillo.com\/index.php?rest_route=\/wp\/v2\/posts\/40939\/revisions"}],"predecessor-version":[{"id":40941,"href":"https:\/\/ciudadtrujillo.com\/index.php?rest_route=\/wp\/v2\/posts\/40939\/revisions\/40941"}],"wp:featuredmedia":[{"embeddable":true,"href":"https:\/\/ciudadtrujillo.com\/index.php?rest_route=\/wp\/v2\/media\/40940"}],"wp:attachment":[{"href":"https:\/\/ciudadtrujillo.com\/index.php?rest_route=%2Fwp%2Fv2%2Fmedia&parent=40939"}],"wp:term":[{"taxonomy":"category","embeddable":true,"href":"https:\/\/ciudadtrujillo.com\/index.php?rest_route=%2Fwp%2Fv2%2Fcategories&post=40939"},{"taxonomy":"post_tag","embeddable":true,"href":"https:\/\/ciudadtrujillo.com\/index.php?rest_route=%2Fwp%2Fv2%2Ftags&post=40939"}],"curies":[{"name":"wp","href":"https:\/\/api.w.org\/{rel}","templated":true}]}}