{"id":40897,"date":"2024-12-08T19:18:42","date_gmt":"2024-12-08T23:18:42","guid":{"rendered":"https:\/\/ciudadtrujillo.com\/?p=40897"},"modified":"2024-12-08T19:18:42","modified_gmt":"2024-12-08T23:18:42","slug":"direccion-regional-el-nino-simon-deslumbro-en-parrandon-navideno","status":"publish","type":"post","link":"https:\/\/ciudadtrujillo.com\/?p=40897","title":{"rendered":"Direcci\u00f3n Regional \u00abEl Ni\u00f1o Sim\u00f3n\u00bb deslumbr\u00f3 en parrand\u00f3n navide\u00f1o"},"content":{"rendered":"<p style=\"text-align: justify;\">El arte fue el regalo que ofreci\u00f3 las 14 Casas de los Ni\u00f1os de la Direcci\u00f3n Regional \u00abEl Ni\u00f1o Sim\u00f3n\u00bb Trujillo en su parrand\u00f3n navide\u00f1o, un espect\u00e1culo sin igual con una puesta en escena que cautiv\u00f3 a los presentes que se dieron cita en el Foro Bolivariano de Valera este s\u00e1bado, un evento realizado gracias a la organizaci\u00f3n de la primera combatiente del estado, Reyna P\u00e9rez de M\u00e1rquez, con el apoyo del gobernador Gerardo M\u00e1rquez.<\/p>\n<p style=\"text-align: justify;\">La actividad inici\u00f3 con un remix navide\u00f1o, interpretado por las artistas noveles Daniela Fontana y Mar\u00eda Franco.<\/p>\n<p style=\"text-align: justify;\">Seguidamente se presentaron m\u00e1s de 200 ni\u00f1os de la Casa de los Ni\u00f1os Jes\u00fas de Nazareth, Casa de los Ni\u00f1os Hijos de Bol\u00edvar, Casa de los Ni\u00f1os Alborada, Casa de los Ni\u00f1os Moral y Luces y Casa de los Ni\u00f1os Ideales Bolivarianos de Valera; Casa de los Ni\u00f1os Virgen de la Paz y Casa de los Ni\u00f1os Corazones Trujillanos de Trujillo; Casa de los Ni\u00f1os Senderos Bolivarianos de Sucre, Casa de los Ni\u00f1os Paz y Vida de Urdaneta; Casa de los Ni\u00f1os Arco\u00edris de Pamp\u00e1n; Casa de los Ni\u00f1os Tierra M\u00e1gica de Urdaneta; Casa de los Ni\u00f1os El Sam\u00e1n de Carache; Casa de los Ni\u00f1os Madreselva de Rafael Rangel y Casa de los Ni\u00f1os Patria Querida de Bocon\u00f3.<\/p>\n<p style=\"text-align: justify;\">Cada presentaci\u00f3n hizo vibrar al p\u00fablico. Con canto, baile y teatralidad los ni\u00f1os interpretaron gaitas, aguinaldos y villancicos de diferentes g\u00e9neros. Los aplausos eran incansables.<\/p>\n<p style=\"text-align: justify;\">La primera combatiente Reyna P\u00e9rez de M\u00e1rquez enfatiz\u00f3 que fueron semanas de preparaci\u00f3n para este espect\u00e1culo. \u00abTodos disfrutamos de este evento para desearles a todas las familias una feliz navidad. Estamos llenos de alegria y algarab\u00eda\u00bb.<\/p>\n<p>&nbsp;<\/p>\n<p>&nbsp;<\/p>\n<h6>Eliph Catalina Fern\u00e1ndez\/Gr\u00e1ficas: David V\u00e1squez<\/h6>\n","protected":false},"excerpt":{"rendered":"<p>El arte fue el regalo que ofreci\u00f3 las 14 Casas de los Ni\u00f1os de la Direcci\u00f3n Regional \u00abEl Ni\u00f1o Sim\u00f3n\u00bb Trujillo en su parrand\u00f3n navide\u00f1o, un espect\u00e1culo sin igual con&hellip; <\/p>\n","protected":false},"author":7,"featured_media":40898,"comment_status":"closed","ping_status":"closed","sticky":false,"template":"","format":"standard","meta":{"footnotes":""},"categories":[40],"tags":[],"class_list":["post-40897","post","type-post","status-publish","format-standard","has-post-thumbnail","hentry","category-grantrujillo"],"_links":{"self":[{"href":"https:\/\/ciudadtrujillo.com\/index.php?rest_route=\/wp\/v2\/posts\/40897","targetHints":{"allow":["GET"]}}],"collection":[{"href":"https:\/\/ciudadtrujillo.com\/index.php?rest_route=\/wp\/v2\/posts"}],"about":[{"href":"https:\/\/ciudadtrujillo.com\/index.php?rest_route=\/wp\/v2\/types\/post"}],"author":[{"embeddable":true,"href":"https:\/\/ciudadtrujillo.com\/index.php?rest_route=\/wp\/v2\/users\/7"}],"replies":[{"embeddable":true,"href":"https:\/\/ciudadtrujillo.com\/index.php?rest_route=%2Fwp%2Fv2%2Fcomments&post=40897"}],"version-history":[{"count":1,"href":"https:\/\/ciudadtrujillo.com\/index.php?rest_route=\/wp\/v2\/posts\/40897\/revisions"}],"predecessor-version":[{"id":40899,"href":"https:\/\/ciudadtrujillo.com\/index.php?rest_route=\/wp\/v2\/posts\/40897\/revisions\/40899"}],"wp:featuredmedia":[{"embeddable":true,"href":"https:\/\/ciudadtrujillo.com\/index.php?rest_route=\/wp\/v2\/media\/40898"}],"wp:attachment":[{"href":"https:\/\/ciudadtrujillo.com\/index.php?rest_route=%2Fwp%2Fv2%2Fmedia&parent=40897"}],"wp:term":[{"taxonomy":"category","embeddable":true,"href":"https:\/\/ciudadtrujillo.com\/index.php?rest_route=%2Fwp%2Fv2%2Fcategories&post=40897"},{"taxonomy":"post_tag","embeddable":true,"href":"https:\/\/ciudadtrujillo.com\/index.php?rest_route=%2Fwp%2Fv2%2Ftags&post=40897"}],"curies":[{"name":"wp","href":"https:\/\/api.w.org\/{rel}","templated":true}]}}