{"id":40894,"date":"2024-12-08T19:13:56","date_gmt":"2024-12-08T23:13:56","guid":{"rendered":"https:\/\/ciudadtrujillo.com\/?p=40894"},"modified":"2024-12-08T19:13:56","modified_gmt":"2024-12-08T23:13:56","slug":"la-navidad-brillo-en-el-parque-los-ilustres-del-municipio-valera","status":"publish","type":"post","link":"https:\/\/ciudadtrujillo.com\/?p=40894","title":{"rendered":"La Navidad brill\u00f3 en el Parque Los Ilustres del municipio Valera"},"content":{"rendered":"<p style=\"text-align: justify;\">Este s\u00e1bado se encendieron las luces de Navidad en el remozado Parque Los Ilustres de Valera, una noche para compartir y fotografiarse en los adornos que dispuso el Gobierno Bolivariano de Trujillo para las familias de este municipio y zonas aleda\u00f1as.<\/p>\n<p style=\"text-align: justify;\">La primera combatiente Reyna P\u00e9rez de M\u00e1rquez, quien junto al gobernador Gerardo M\u00e1rquez fue la encargada del conteo regresivo, declar\u00f3 que estos espacios son para el reencuentro. Invit\u00f3 a los trujillanos a disfrutar de esta \u00e9poca decembrina en familia y promover el perd\u00f3n. Indic\u00f3 adem\u00e1s que el parque es ideal para los abuelos y ni\u00f1os.<\/p>\n<p style=\"text-align: justify;\">Detall\u00f3 que como parte de la programaci\u00f3n que desarrolla el Gobierno Bolivariano en estas fechas, se prev\u00e9 que comiencen las misas de aguinaldo a partir del 16 de diciembre en el Parque Los Ilustres. Asimismo un compartir para los abuelos trujillanos en los pr\u00f3ximos d\u00edas.<\/p>\n<p>&nbsp;<\/p>\n<p>&nbsp;<\/p>\n<h6>Eliph Catalina Fern\u00e1ndez\/Gr\u00e1ficas: Samuel Torres<\/h6>\n","protected":false},"excerpt":{"rendered":"<p>Este s\u00e1bado se encendieron las luces de Navidad en el remozado Parque Los Ilustres de Valera, una noche para compartir y fotografiarse en los adornos que dispuso el Gobierno Bolivariano&hellip; <\/p>\n","protected":false},"author":7,"featured_media":40895,"comment_status":"closed","ping_status":"closed","sticky":false,"template":"","format":"standard","meta":{"footnotes":""},"categories":[40],"tags":[],"class_list":["post-40894","post","type-post","status-publish","format-standard","has-post-thumbnail","hentry","category-grantrujillo"],"_links":{"self":[{"href":"https:\/\/ciudadtrujillo.com\/index.php?rest_route=\/wp\/v2\/posts\/40894","targetHints":{"allow":["GET"]}}],"collection":[{"href":"https:\/\/ciudadtrujillo.com\/index.php?rest_route=\/wp\/v2\/posts"}],"about":[{"href":"https:\/\/ciudadtrujillo.com\/index.php?rest_route=\/wp\/v2\/types\/post"}],"author":[{"embeddable":true,"href":"https:\/\/ciudadtrujillo.com\/index.php?rest_route=\/wp\/v2\/users\/7"}],"replies":[{"embeddable":true,"href":"https:\/\/ciudadtrujillo.com\/index.php?rest_route=%2Fwp%2Fv2%2Fcomments&post=40894"}],"version-history":[{"count":1,"href":"https:\/\/ciudadtrujillo.com\/index.php?rest_route=\/wp\/v2\/posts\/40894\/revisions"}],"predecessor-version":[{"id":40896,"href":"https:\/\/ciudadtrujillo.com\/index.php?rest_route=\/wp\/v2\/posts\/40894\/revisions\/40896"}],"wp:featuredmedia":[{"embeddable":true,"href":"https:\/\/ciudadtrujillo.com\/index.php?rest_route=\/wp\/v2\/media\/40895"}],"wp:attachment":[{"href":"https:\/\/ciudadtrujillo.com\/index.php?rest_route=%2Fwp%2Fv2%2Fmedia&parent=40894"}],"wp:term":[{"taxonomy":"category","embeddable":true,"href":"https:\/\/ciudadtrujillo.com\/index.php?rest_route=%2Fwp%2Fv2%2Fcategories&post=40894"},{"taxonomy":"post_tag","embeddable":true,"href":"https:\/\/ciudadtrujillo.com\/index.php?rest_route=%2Fwp%2Fv2%2Ftags&post=40894"}],"curies":[{"name":"wp","href":"https:\/\/api.w.org\/{rel}","templated":true}]}}