{"id":40875,"date":"2024-12-08T18:32:17","date_gmt":"2024-12-08T22:32:17","guid":{"rendered":"https:\/\/ciudadtrujillo.com\/?p=40875"},"modified":"2024-12-08T18:32:17","modified_gmt":"2024-12-08T22:32:17","slug":"presidente-maduro-reitera-lealtad-con-la-revolucion-a-12-anos-de-la-proclama-de-chavez","status":"publish","type":"post","link":"https:\/\/ciudadtrujillo.com\/?p=40875","title":{"rendered":"Presidente Maduro reitera lealtad con la Revoluci\u00f3n a 12 a\u00f1os de la proclama de Ch\u00e1vez"},"content":{"rendered":"<p style=\"text-align: justify;\">El Presidente de la Rep\u00fablica Bolivariana de Venezuela, Nicol\u00e1s Maduro, afirm\u00f3 que este 8 de diciembre \u00abes una fecha con una carga emotiva y espiritual para los revolucionarios y las revolucionarias\u00bb, por conmemorarse un a\u00f1o m\u00e1s de la \u00faltima proclama del Comandante Hugo Ch\u00e1vez, y resalt\u00f3 la lealtad absoluta con el pueblo para mantener firme el legado del l\u00edder eterno de la Revoluci\u00f3n Bolivariana.<\/p>\n<p style=\"text-align: justify;\">A trav\u00e9s de un mensaje en su cuenta oficial de Telegram, el jefe de Estado destac\u00f3 que el discurso del Comandante Eterno est\u00e1 lleno \u00abde orientaciones, verdades y l\u00edneas estrat\u00e9gicas para el futuro\u00bb, en el que exalt\u00f3 que como un profeta \u00abal hablarnos de la necesidad de la uni\u00f3n nacional, que hemos logrado consolidar y construir a un nivel superior\u00bb.<\/p>\n<p style=\"text-align: justify;\">Asimismo, el mandatario nacional resalt\u00f3 todos los caminos que ha vivido y superado el pueblo venezolano en los \u00faltimos a\u00f1os, debido al asedio de las medidas unilaterales impuestas por el gobierno de Estados Unidos. \u00abEl Comandante no dud\u00f3 ni un segundo del depositario de sus sue\u00f1os y su proyecto hist\u00f3rico, y tuvo raz\u00f3n, 12 a\u00f1os despu\u00e9s hemos puesto el alma, la vida y nuestra propia existencia en manos del pueblo de Venezuela, que ha dado la gran batalla contra las conspiraciones, las sanciones, los bloqueos y el fascismo\u00bb.<\/p>\n<p style=\"text-align: justify;\">El presidente de la Rep\u00fablica Bolivariana de Venezuela, Nicol\u00e1s Maduro, dej\u00f3 claro que \u00abhoy solo tengo que decir: Comandante, ha valido la pena toda la lucha, todo el amor por la Patria, todas las batallas y victorias\u00bb, adem\u00e1s de reafirmar el compromiso con el pueblo de Venezuela para no fallarle, \u00abni le fallar\u00e9 jam\u00e1s\u00bb y estar siempre a la disposici\u00f3n de los mandatos del pueblo.<\/p>\n<p>&nbsp;<\/p>\n<p>&nbsp;<\/p>\n<h6>VTV<\/h6>\n","protected":false},"excerpt":{"rendered":"<p>El Presidente de la Rep\u00fablica Bolivariana de Venezuela, Nicol\u00e1s Maduro, afirm\u00f3 que este 8 de diciembre \u00abes una fecha con una carga emotiva y espiritual para los revolucionarios y las&hellip; <\/p>\n","protected":false},"author":7,"featured_media":40876,"comment_status":"closed","ping_status":"closed","sticky":false,"template":"","format":"standard","meta":{"footnotes":""},"categories":[41],"tags":[],"class_list":["post-40875","post","type-post","status-publish","format-standard","has-post-thumbnail","hentry","category-pais"],"_links":{"self":[{"href":"https:\/\/ciudadtrujillo.com\/index.php?rest_route=\/wp\/v2\/posts\/40875","targetHints":{"allow":["GET"]}}],"collection":[{"href":"https:\/\/ciudadtrujillo.com\/index.php?rest_route=\/wp\/v2\/posts"}],"about":[{"href":"https:\/\/ciudadtrujillo.com\/index.php?rest_route=\/wp\/v2\/types\/post"}],"author":[{"embeddable":true,"href":"https:\/\/ciudadtrujillo.com\/index.php?rest_route=\/wp\/v2\/users\/7"}],"replies":[{"embeddable":true,"href":"https:\/\/ciudadtrujillo.com\/index.php?rest_route=%2Fwp%2Fv2%2Fcomments&post=40875"}],"version-history":[{"count":1,"href":"https:\/\/ciudadtrujillo.com\/index.php?rest_route=\/wp\/v2\/posts\/40875\/revisions"}],"predecessor-version":[{"id":40877,"href":"https:\/\/ciudadtrujillo.com\/index.php?rest_route=\/wp\/v2\/posts\/40875\/revisions\/40877"}],"wp:featuredmedia":[{"embeddable":true,"href":"https:\/\/ciudadtrujillo.com\/index.php?rest_route=\/wp\/v2\/media\/40876"}],"wp:attachment":[{"href":"https:\/\/ciudadtrujillo.com\/index.php?rest_route=%2Fwp%2Fv2%2Fmedia&parent=40875"}],"wp:term":[{"taxonomy":"category","embeddable":true,"href":"https:\/\/ciudadtrujillo.com\/index.php?rest_route=%2Fwp%2Fv2%2Fcategories&post=40875"},{"taxonomy":"post_tag","embeddable":true,"href":"https:\/\/ciudadtrujillo.com\/index.php?rest_route=%2Fwp%2Fv2%2Ftags&post=40875"}],"curies":[{"name":"wp","href":"https:\/\/api.w.org\/{rel}","templated":true}]}}