{"id":40868,"date":"2024-12-05T22:29:30","date_gmt":"2024-12-06T02:29:30","guid":{"rendered":"https:\/\/ciudadtrujillo.com\/?p=40868"},"modified":"2024-12-05T22:29:30","modified_gmt":"2024-12-06T02:29:30","slug":"gobierno-bolivariano-rehabilita-casa-hogar-antonio-nicolas-briceno-del-sapnnaet","status":"publish","type":"post","link":"https:\/\/ciudadtrujillo.com\/?p=40868","title":{"rendered":"Gobierno Bolivariano rehabilita Casa Hogar \u00abAntonio Nicol\u00e1s Brice\u00f1o\u00bb del Sapnnaet"},"content":{"rendered":"<p style=\"text-align: justify;\">Incontables son los esfuerzos del Gobierno Bolivariano, liderado por el Presidente Nicol\u00e1s Maduro, para lograr la recuperaci\u00f3n de espacios destinados a la atenci\u00f3n del Semillero de la Patria en aras de velar por su bienestar integral. Tal es el caso de la rehabilitaci\u00f3n de la Casa Hogar Adolescentes Varones \u00abAntonio Nicol\u00e1s Brice\u00f1o\u00bb, cuyo espacio se inaugur\u00f3 este jueves con la presencia del gobernador Gerardo M\u00e1rquez, primera combatiente Reyna P\u00e9rez de M\u00e1rquez y dem\u00e1s autoridades del tren ejecutivo regional, quienes realizaron un recorrido por todas las \u00e1reas.<\/p>\n<p style=\"text-align: justify;\">P\u00e9rez de M\u00e1rquez destac\u00f3 que la mencionada casa hogar, perteneciente al Servicio Administrativo de Protecci\u00f3n al Ni\u00f1o, Ni\u00f1a y Adolescente del estado Trujillo (Sapnnaet), cuenta con espacios totalmente recuperados como un reflejo del amor que siente el Presidente Nicol\u00e1s Maduro por el Semillero.<\/p>\n<p style=\"text-align: justify;\">La directora del Sapnnaet, My. Mar\u00eda Almaz\u00e1n, inform\u00f3 que en dicho espacio, con m\u00e1s de 42 a\u00f1os de constru\u00eddo sin haber recibido alguna recuperaci\u00f3n, se llev\u00f3 a cabo la impermeabilizaci\u00f3n de 380 m\u00b2 de platabanda, revestimiento de paredes en \u00e1reas de dormitorios, pasillos y oficinas, rehabilitaci\u00f3n de 800 metros de pintura en \u00e1reas internas y externas, as\u00ed como el reemplazo de cristales en ventanas.<\/p>\n<p style=\"text-align: justify;\">Almaz\u00e1n se\u00f1al\u00f3, tambi\u00e9n, que se efectu\u00f3 la remodelaci\u00f3n con l\u00e1minas acr\u00edlicas en salas de ba\u00f1o, dotaci\u00f3n de nuevas pocetas, duchas y lavamanos, reparaci\u00f3n de camas, dotaci\u00f3n de colchones y lencer\u00eda, instalaci\u00f3n de 6 aires acondicionados en las habitaciones y el nuevo sistema de iluminaci\u00f3n en todas las \u00e1reas con l\u00e1mparas LED.<\/p>\n<p style=\"text-align: justify;\">Entre las novedades de este espacio reci\u00e9n inaugurado est\u00e1 la remodelaci\u00f3n total de la cocina con equipamiento, cuya instalaci\u00f3n servir\u00e1 para el taller de panader\u00eda; creaci\u00f3n de sala pedag\u00f3gica y sala de videojuegos as\u00ed como la dotaci\u00f3n completa de muebles, mesas y sillas para usos m\u00faltiples.<\/p>\n<p>&nbsp;<\/p>\n<p>&nbsp;<\/p>\n<h6>Prensa Sapnnaet<\/h6>\n","protected":false},"excerpt":{"rendered":"<p>Incontables son los esfuerzos del Gobierno Bolivariano, liderado por el Presidente Nicol\u00e1s Maduro, para lograr la recuperaci\u00f3n de espacios destinados a la atenci\u00f3n del Semillero de la Patria en aras&hellip; <\/p>\n","protected":false},"author":7,"featured_media":40869,"comment_status":"closed","ping_status":"closed","sticky":false,"template":"","format":"standard","meta":{"footnotes":""},"categories":[52,40],"tags":[],"class_list":["post-40868","post","type-post","status-publish","format-standard","has-post-thumbnail","hentry","category-destacadas","category-grantrujillo"],"_links":{"self":[{"href":"https:\/\/ciudadtrujillo.com\/index.php?rest_route=\/wp\/v2\/posts\/40868","targetHints":{"allow":["GET"]}}],"collection":[{"href":"https:\/\/ciudadtrujillo.com\/index.php?rest_route=\/wp\/v2\/posts"}],"about":[{"href":"https:\/\/ciudadtrujillo.com\/index.php?rest_route=\/wp\/v2\/types\/post"}],"author":[{"embeddable":true,"href":"https:\/\/ciudadtrujillo.com\/index.php?rest_route=\/wp\/v2\/users\/7"}],"replies":[{"embeddable":true,"href":"https:\/\/ciudadtrujillo.com\/index.php?rest_route=%2Fwp%2Fv2%2Fcomments&post=40868"}],"version-history":[{"count":1,"href":"https:\/\/ciudadtrujillo.com\/index.php?rest_route=\/wp\/v2\/posts\/40868\/revisions"}],"predecessor-version":[{"id":40870,"href":"https:\/\/ciudadtrujillo.com\/index.php?rest_route=\/wp\/v2\/posts\/40868\/revisions\/40870"}],"wp:featuredmedia":[{"embeddable":true,"href":"https:\/\/ciudadtrujillo.com\/index.php?rest_route=\/wp\/v2\/media\/40869"}],"wp:attachment":[{"href":"https:\/\/ciudadtrujillo.com\/index.php?rest_route=%2Fwp%2Fv2%2Fmedia&parent=40868"}],"wp:term":[{"taxonomy":"category","embeddable":true,"href":"https:\/\/ciudadtrujillo.com\/index.php?rest_route=%2Fwp%2Fv2%2Fcategories&post=40868"},{"taxonomy":"post_tag","embeddable":true,"href":"https:\/\/ciudadtrujillo.com\/index.php?rest_route=%2Fwp%2Fv2%2Ftags&post=40868"}],"curies":[{"name":"wp","href":"https:\/\/api.w.org\/{rel}","templated":true}]}}