{"id":40865,"date":"2024-12-05T22:26:47","date_gmt":"2024-12-06T02:26:47","guid":{"rendered":"https:\/\/ciudadtrujillo.com\/?p=40865"},"modified":"2024-12-05T22:26:47","modified_gmt":"2024-12-06T02:26:47","slug":"espiritu-navideno-colmo-de-emocion-espacios-del-sapnnaet","status":"publish","type":"post","link":"https:\/\/ciudadtrujillo.com\/?p=40865","title":{"rendered":"Esp\u00edritu navide\u00f1o colm\u00f3 de emoci\u00f3n espacios del Sapnnaet"},"content":{"rendered":"<p style=\"text-align: justify;\">Con una nutrida programaci\u00f3n que colm\u00f3 de ambiente festivo, propio de la \u00e9poca decembrina, los espacios del Servicio Administrativo de Protecci\u00f3n al Ni\u00f1o, Ni\u00f1a y Adolescente del estado Trujillo (Sapnnaet), se llev\u00f3 a cabo este jueves el Parrand\u00f3n Navide\u00f1o y Encendido de Luces de la Entidad de Atenci\u00f3n.<\/p>\n<p style=\"text-align: justify;\">La presentaci\u00f3n de los bailes por parte de los ni\u00f1os, ni\u00f1as y adolescentes pertenecientes a las casas hogares \u00abNegra Matea\u00bb, \u00abNi\u00f1o Sim\u00f3n\u00bb, \u00abBarbarita de la Torre\u00bb y \u00abAntonio Nicol\u00e1s Brice\u00f1o\u00bb hizo vibrar de emoci\u00f3n el auditorio Isa\u00edas Medina Angarita de la instituci\u00f3n ante la mirada del gobernador Gerardo M\u00e1rquez, la primera combatiente Reyna P\u00e9rez de M\u00e1rquez y dem\u00e1s autoridades.<\/p>\n<p style=\"text-align: justify;\">Tambi\u00e9n, con la presentaci\u00f3n \u00abEl Swing Gaitero\u00bb por parte de los j\u00f3venes del Centro de Responsabilidad Adolescentes Varones, al son de gaitas hicieron bailar al p\u00fablico asistente.<\/p>\n<p style=\"text-align: justify;\">Finalmente, el acto cerr\u00f3 con el encendido de luces, presentaci\u00f3n de grupos de gaitas y fuegos artificiales en el patio central de la instituci\u00f3n como un regalo del Presidente Nicol\u00e1s Maduro para el Semillero asistido.<\/p>\n<p>&nbsp;<\/p>\n<p>&nbsp;<\/p>\n<h6>Prensa Sapnnaet<\/h6>\n","protected":false},"excerpt":{"rendered":"<p>Con una nutrida programaci\u00f3n que colm\u00f3 de ambiente festivo, propio de la \u00e9poca decembrina, los espacios del Servicio Administrativo de Protecci\u00f3n al Ni\u00f1o, Ni\u00f1a y Adolescente del estado Trujillo (Sapnnaet),&hellip; <\/p>\n","protected":false},"author":7,"featured_media":40866,"comment_status":"closed","ping_status":"closed","sticky":false,"template":"","format":"standard","meta":{"footnotes":""},"categories":[40],"tags":[],"class_list":["post-40865","post","type-post","status-publish","format-standard","has-post-thumbnail","hentry","category-grantrujillo"],"_links":{"self":[{"href":"https:\/\/ciudadtrujillo.com\/index.php?rest_route=\/wp\/v2\/posts\/40865","targetHints":{"allow":["GET"]}}],"collection":[{"href":"https:\/\/ciudadtrujillo.com\/index.php?rest_route=\/wp\/v2\/posts"}],"about":[{"href":"https:\/\/ciudadtrujillo.com\/index.php?rest_route=\/wp\/v2\/types\/post"}],"author":[{"embeddable":true,"href":"https:\/\/ciudadtrujillo.com\/index.php?rest_route=\/wp\/v2\/users\/7"}],"replies":[{"embeddable":true,"href":"https:\/\/ciudadtrujillo.com\/index.php?rest_route=%2Fwp%2Fv2%2Fcomments&post=40865"}],"version-history":[{"count":1,"href":"https:\/\/ciudadtrujillo.com\/index.php?rest_route=\/wp\/v2\/posts\/40865\/revisions"}],"predecessor-version":[{"id":40867,"href":"https:\/\/ciudadtrujillo.com\/index.php?rest_route=\/wp\/v2\/posts\/40865\/revisions\/40867"}],"wp:featuredmedia":[{"embeddable":true,"href":"https:\/\/ciudadtrujillo.com\/index.php?rest_route=\/wp\/v2\/media\/40866"}],"wp:attachment":[{"href":"https:\/\/ciudadtrujillo.com\/index.php?rest_route=%2Fwp%2Fv2%2Fmedia&parent=40865"}],"wp:term":[{"taxonomy":"category","embeddable":true,"href":"https:\/\/ciudadtrujillo.com\/index.php?rest_route=%2Fwp%2Fv2%2Fcategories&post=40865"},{"taxonomy":"post_tag","embeddable":true,"href":"https:\/\/ciudadtrujillo.com\/index.php?rest_route=%2Fwp%2Fv2%2Ftags&post=40865"}],"curies":[{"name":"wp","href":"https:\/\/api.w.org\/{rel}","templated":true}]}}