{"id":40826,"date":"2024-12-04T23:46:49","date_gmt":"2024-12-05T03:46:49","guid":{"rendered":"https:\/\/ciudadtrujillo.com\/?p=40826"},"modified":"2024-12-04T23:46:49","modified_gmt":"2024-12-05T03:46:49","slug":"gobierno-bolivariano-inicia-recuperacion-en-mas-de-60-km-de-vialidad-rural-en-tramo-minas-torococo","status":"publish","type":"post","link":"https:\/\/ciudadtrujillo.com\/?p=40826","title":{"rendered":"Gobierno Bolivariano inicia recuperaci\u00f3n en m\u00e1s de 60 km de vialidad rural en tramo Minas &#8211; Torococo"},"content":{"rendered":"<p style=\"text-align: justify;\">Este mi\u00e9rcoles, el gobernador de Trujillo, Gerardo M\u00e1rquez, realiz\u00f3 un recorrido de inspecci\u00f3n en las labores de abordaje de las 11 fallas de borde que existen en la v\u00eda Torococo &#8211; Mogot\u00f3n, municipio Candelaria, cuyas afectaciones se originaron producto de las fuertes precipitaciones de los \u00faltimos d\u00edas. Dijo que en unas 2 semanas se desarrollar\u00e1n las labores que incluyen demarcaci\u00f3n y reasfaltado que totalizan unos 60 kil\u00f3metros de v\u00eda.<\/p>\n<p style=\"text-align: justify;\">M\u00e1rquez destac\u00f3 que gracias a los aportes del Presidente Nicol\u00e1s Maduro se har\u00e1 esta recuperaci\u00f3n. Coment\u00f3 que junto al poder popular inici\u00f3 el abordaje de tres fallas, asimismo, el s\u00e1bado se efectuar\u00e1 una jornada social integral en el sector Trujillito, para la atenci\u00f3n de m\u00e1s de 400 familias de cuatro comunidades rurales. \u00abRegresar\u00e9 el martes para hacer un Gobierno de Calle (&#8230;) aqu\u00ed estamos en uni\u00f3n popular, militar y policial\u00bb, dijo.<\/p>\n<p style=\"text-align: justify;\">En este despliegue del Gobierno Bolivariano se ha activado maquinaria de la Secretar\u00eda de Infraestructura, incluyendo a la Empresa de Mantenimiento, Aseo y Ornato (EMAO) que hasta ahora ha desmalezado alrededor de 40 kil\u00f3metros de v\u00eda.<\/p>\n<p style=\"text-align: justify;\">Tambi\u00e9n acot\u00f3 que se comprometi\u00f3 a la recuperaci\u00f3n del techo del ambulatorio, luminarias y dotaci\u00f3n de una ambulancia.<\/p>\n<p>&nbsp;<\/p>\n<p>&nbsp;<\/p>\n<h6>Eliph Catalina Fern\u00e1ndez\/Gr\u00e1ficas: Samuel Torres \/ David V\u00e1squez<\/h6>\n","protected":false},"excerpt":{"rendered":"<p>Este mi\u00e9rcoles, el gobernador de Trujillo, Gerardo M\u00e1rquez, realiz\u00f3 un recorrido de inspecci\u00f3n en las labores de abordaje de las 11 fallas de borde que existen en la v\u00eda Torococo&hellip; <\/p>\n","protected":false},"author":7,"featured_media":40827,"comment_status":"closed","ping_status":"closed","sticky":false,"template":"","format":"standard","meta":{"footnotes":""},"categories":[52,40],"tags":[],"class_list":["post-40826","post","type-post","status-publish","format-standard","has-post-thumbnail","hentry","category-destacadas","category-grantrujillo"],"_links":{"self":[{"href":"https:\/\/ciudadtrujillo.com\/index.php?rest_route=\/wp\/v2\/posts\/40826","targetHints":{"allow":["GET"]}}],"collection":[{"href":"https:\/\/ciudadtrujillo.com\/index.php?rest_route=\/wp\/v2\/posts"}],"about":[{"href":"https:\/\/ciudadtrujillo.com\/index.php?rest_route=\/wp\/v2\/types\/post"}],"author":[{"embeddable":true,"href":"https:\/\/ciudadtrujillo.com\/index.php?rest_route=\/wp\/v2\/users\/7"}],"replies":[{"embeddable":true,"href":"https:\/\/ciudadtrujillo.com\/index.php?rest_route=%2Fwp%2Fv2%2Fcomments&post=40826"}],"version-history":[{"count":1,"href":"https:\/\/ciudadtrujillo.com\/index.php?rest_route=\/wp\/v2\/posts\/40826\/revisions"}],"predecessor-version":[{"id":40828,"href":"https:\/\/ciudadtrujillo.com\/index.php?rest_route=\/wp\/v2\/posts\/40826\/revisions\/40828"}],"wp:featuredmedia":[{"embeddable":true,"href":"https:\/\/ciudadtrujillo.com\/index.php?rest_route=\/wp\/v2\/media\/40827"}],"wp:attachment":[{"href":"https:\/\/ciudadtrujillo.com\/index.php?rest_route=%2Fwp%2Fv2%2Fmedia&parent=40826"}],"wp:term":[{"taxonomy":"category","embeddable":true,"href":"https:\/\/ciudadtrujillo.com\/index.php?rest_route=%2Fwp%2Fv2%2Fcategories&post=40826"},{"taxonomy":"post_tag","embeddable":true,"href":"https:\/\/ciudadtrujillo.com\/index.php?rest_route=%2Fwp%2Fv2%2Ftags&post=40826"}],"curies":[{"name":"wp","href":"https:\/\/api.w.org\/{rel}","templated":true}]}}