{"id":40823,"date":"2024-12-04T23:42:37","date_gmt":"2024-12-05T03:42:37","guid":{"rendered":"https:\/\/ciudadtrujillo.com\/?p=40823"},"modified":"2024-12-04T23:42:37","modified_gmt":"2024-12-05T03:42:37","slug":"la-navidad-llego-con-brillo-y-alegria-a-la-direccion-regional-el-nino-simon","status":"publish","type":"post","link":"https:\/\/ciudadtrujillo.com\/?p=40823","title":{"rendered":"La Navidad lleg\u00f3 con brillo y alegr\u00eda a la Direcci\u00f3n Regional \u00abEl Ni\u00f1o Sim\u00f3n\u00bb"},"content":{"rendered":"<p style=\"text-align: justify;\">Desde la sede de la Direcci\u00f3n Regional \u00abEl Ni\u00f1o Sim\u00f3n\u00bb (Drnstru), ubicada en el municipio Trujillo, se llev\u00f3 a cabo tal como estaba previsto el Encendido de las Luces, con un acto colmado de alegr\u00eda, brillo m\u00fasica de la \u00e9poca decembrina para avivar en los presentes el esp\u00edritu navide\u00f1o, especialmente en el Semillero de la Patria.<\/p>\n<p style=\"text-align: justify;\">Al respecto, la primera combatiente y presidenta de la Drnstru, Reyna P\u00e9rez de M\u00e1rquez, ofreci\u00f3 detalles acerca del evento que impregn\u00f3 de ambiente festivo el lugar. \u00abUn d\u00eda m\u00e1s de mucho amor, paz y tranquilidad para todo nuestro pueblo del estado Trujillo, a nuestros ni\u00f1os y ni\u00f1as que queremos (&#8230;) estamos recibiendo la llegada del Ni\u00f1o Dios gracias al apoyo del Presidente Nicol\u00e1s Maduro\u00bb.<\/p>\n<p style=\"text-align: justify;\">Asever\u00f3 que el el acto se llev\u00f3 a cabo la presentaci\u00f3n de agrupaciones regionales con una noche de gaitas y villancicos e invit\u00f3 al pueblo a disfrutar de la Navidad en familia y amigos.<\/p>\n<p>&nbsp;<\/p>\n<p>&nbsp;<\/p>\n<h6>Ciudad Trujillo\/Gr\u00e1ficas: David Vasquez \/ Samuel Torres<\/h6>\n","protected":false},"excerpt":{"rendered":"<p>Desde la sede de la Direcci\u00f3n Regional \u00abEl Ni\u00f1o Sim\u00f3n\u00bb (Drnstru), ubicada en el municipio Trujillo, se llev\u00f3 a cabo tal como estaba previsto el Encendido de las Luces, con&hellip; <\/p>\n","protected":false},"author":7,"featured_media":40824,"comment_status":"closed","ping_status":"closed","sticky":false,"template":"","format":"standard","meta":{"footnotes":""},"categories":[40],"tags":[],"class_list":["post-40823","post","type-post","status-publish","format-standard","has-post-thumbnail","hentry","category-grantrujillo"],"_links":{"self":[{"href":"https:\/\/ciudadtrujillo.com\/index.php?rest_route=\/wp\/v2\/posts\/40823","targetHints":{"allow":["GET"]}}],"collection":[{"href":"https:\/\/ciudadtrujillo.com\/index.php?rest_route=\/wp\/v2\/posts"}],"about":[{"href":"https:\/\/ciudadtrujillo.com\/index.php?rest_route=\/wp\/v2\/types\/post"}],"author":[{"embeddable":true,"href":"https:\/\/ciudadtrujillo.com\/index.php?rest_route=\/wp\/v2\/users\/7"}],"replies":[{"embeddable":true,"href":"https:\/\/ciudadtrujillo.com\/index.php?rest_route=%2Fwp%2Fv2%2Fcomments&post=40823"}],"version-history":[{"count":1,"href":"https:\/\/ciudadtrujillo.com\/index.php?rest_route=\/wp\/v2\/posts\/40823\/revisions"}],"predecessor-version":[{"id":40825,"href":"https:\/\/ciudadtrujillo.com\/index.php?rest_route=\/wp\/v2\/posts\/40823\/revisions\/40825"}],"wp:featuredmedia":[{"embeddable":true,"href":"https:\/\/ciudadtrujillo.com\/index.php?rest_route=\/wp\/v2\/media\/40824"}],"wp:attachment":[{"href":"https:\/\/ciudadtrujillo.com\/index.php?rest_route=%2Fwp%2Fv2%2Fmedia&parent=40823"}],"wp:term":[{"taxonomy":"category","embeddable":true,"href":"https:\/\/ciudadtrujillo.com\/index.php?rest_route=%2Fwp%2Fv2%2Fcategories&post=40823"},{"taxonomy":"post_tag","embeddable":true,"href":"https:\/\/ciudadtrujillo.com\/index.php?rest_route=%2Fwp%2Fv2%2Ftags&post=40823"}],"curies":[{"name":"wp","href":"https:\/\/api.w.org\/{rel}","templated":true}]}}