{"id":40507,"date":"2024-11-24T22:14:43","date_gmt":"2024-11-25T02:14:43","guid":{"rendered":"https:\/\/ciudadtrujillo.com\/?p=40507"},"modified":"2024-11-24T22:14:43","modified_gmt":"2024-11-25T02:14:43","slug":"con-alegria-trujillanos-disfrutan-de-las-navidades-felices-y-en-paz","status":"publish","type":"post","link":"https:\/\/ciudadtrujillo.com\/?p=40507","title":{"rendered":"Con alegr\u00eda trujillanos disfrutan de las Navidades Felices y en Paz"},"content":{"rendered":"<p style=\"text-align: justify;\">Los trujillanos disfrutaron este s\u00e1bado del Parrand\u00f3n Navide\u00f1o que puso a bailar al pueblo en la avenida Bol\u00edvar del municipio Valera, avivando la alegr\u00eda por la \u00e9poca decembrina, gracias al apoyo del Presidente Nicol\u00e1s Maduro y como parte de los esfuerzos del gobernador Gerardo M\u00e1rquez, quien impuls\u00f3 este evento para llenar de emoci\u00f3n a las familias.<\/p>\n<p style=\"text-align: justify;\">El pueblo disfrut\u00f3 de la presentaci\u00f3n de diferentes agrupaciones y artistas como Argenis Carruyo, quien cerr\u00f3 con broche de oro el parrand\u00f3n, \u201cestoy feliz de volver a estar con todos ustedes, en esta hermosa tierra, siempre que vengo se me sale el coraz\u00f3n de la felicidad, \u00a1que viva Trujillo!\u201d, expres\u00f3 El Volc\u00e1n de Am\u00e9rica.<\/p>\n<p style=\"text-align: justify;\">Tambi\u00e9n estuvo el DJ Capit\u00e1n Bob, el Grupo Gaitero T\u00edo Pollo, Arkanos Show, Grupo Tormento, cabe mencionar que el evento inici\u00f3 con talento regional con Quinta Dinast\u00eda.<\/p>\n<p>&nbsp;<\/p>\n<p>&nbsp;<\/p>\n<h6>Yarlenis Albarr\u00e1n\/Gr\u00e1ficas: Samuel Torres\/ David V\u00e1squez<\/h6>\n","protected":false},"excerpt":{"rendered":"<p>Los trujillanos disfrutaron este s\u00e1bado del Parrand\u00f3n Navide\u00f1o que puso a bailar al pueblo en la avenida Bol\u00edvar del municipio Valera, avivando la alegr\u00eda por la \u00e9poca decembrina, gracias al&hellip; <\/p>\n","protected":false},"author":7,"featured_media":40508,"comment_status":"closed","ping_status":"closed","sticky":false,"template":"","format":"standard","meta":{"footnotes":""},"categories":[52,40],"tags":[],"class_list":["post-40507","post","type-post","status-publish","format-standard","has-post-thumbnail","hentry","category-destacadas","category-grantrujillo"],"_links":{"self":[{"href":"https:\/\/ciudadtrujillo.com\/index.php?rest_route=\/wp\/v2\/posts\/40507","targetHints":{"allow":["GET"]}}],"collection":[{"href":"https:\/\/ciudadtrujillo.com\/index.php?rest_route=\/wp\/v2\/posts"}],"about":[{"href":"https:\/\/ciudadtrujillo.com\/index.php?rest_route=\/wp\/v2\/types\/post"}],"author":[{"embeddable":true,"href":"https:\/\/ciudadtrujillo.com\/index.php?rest_route=\/wp\/v2\/users\/7"}],"replies":[{"embeddable":true,"href":"https:\/\/ciudadtrujillo.com\/index.php?rest_route=%2Fwp%2Fv2%2Fcomments&post=40507"}],"version-history":[{"count":1,"href":"https:\/\/ciudadtrujillo.com\/index.php?rest_route=\/wp\/v2\/posts\/40507\/revisions"}],"predecessor-version":[{"id":40509,"href":"https:\/\/ciudadtrujillo.com\/index.php?rest_route=\/wp\/v2\/posts\/40507\/revisions\/40509"}],"wp:featuredmedia":[{"embeddable":true,"href":"https:\/\/ciudadtrujillo.com\/index.php?rest_route=\/wp\/v2\/media\/40508"}],"wp:attachment":[{"href":"https:\/\/ciudadtrujillo.com\/index.php?rest_route=%2Fwp%2Fv2%2Fmedia&parent=40507"}],"wp:term":[{"taxonomy":"category","embeddable":true,"href":"https:\/\/ciudadtrujillo.com\/index.php?rest_route=%2Fwp%2Fv2%2Fcategories&post=40507"},{"taxonomy":"post_tag","embeddable":true,"href":"https:\/\/ciudadtrujillo.com\/index.php?rest_route=%2Fwp%2Fv2%2Ftags&post=40507"}],"curies":[{"name":"wp","href":"https:\/\/api.w.org\/{rel}","templated":true}]}}