{"id":40501,"date":"2024-11-24T22:03:26","date_gmt":"2024-11-25T02:03:26","guid":{"rendered":"https:\/\/ciudadtrujillo.com\/?p=40501"},"modified":"2024-11-24T22:03:26","modified_gmt":"2024-11-25T02:03:26","slug":"mas-de-700-cultores-de-la-entidad-participaron-en-festival-mundial-viva-venezuela","status":"publish","type":"post","link":"https:\/\/ciudadtrujillo.com\/?p=40501","title":{"rendered":"M\u00e1s de 700 cultores de la entidad participaron en Festival Mundial Viva Venezuela"},"content":{"rendered":"<p style=\"text-align: justify;\">Con total \u00e9xito culmin\u00f3 el s\u00e9ptimo cap\u00edtulo del Festival Mundial Viva Venezuela mi Patria Querida, regi\u00f3n Los Andes, donde participaron m\u00e1s 700 cultores y creadores trujillanos, en diversas actividades, realizadas los d\u00edas 21, 22 y 23 de noviembre en los municipios Valera, Trujillo y Bocon\u00f3.<\/p>\n<p style=\"text-align: justify;\">El festival se realiz\u00f3 de manera simult\u00e1nea en los estados M\u00e9rida, T\u00e1chira y Trujillo, dando espacio para mostrar las culturas andinas, en el cual destacan las manifestaciones religiosas, la locer\u00eda, la cester\u00eda y los pasacalles tradicionales.<\/p>\n<p style=\"text-align: justify;\">Para este encuentro estuvo visitando la regi\u00f3n la Dra. Aracely Garc\u00eda, presidenta de la Fundaci\u00f3n Nacional Red de Arte y coordinadora del Movimiento Coraz\u00f3n Artesanos, quien disfrut\u00f3 de las actividades y comparti\u00f3 con las manos creadoras trujillanas, incentivando los a cultores a continuar desarrollando los Saberes tradicionales.<\/p>\n<p style=\"text-align: justify;\">Es de resaltar que el festival es parte de los v\u00e9rtices de la Gran Misi\u00f3n Viva Venezuela mi Patria Querida, pol\u00edtica cultural del Presidente de la Rep\u00fablica, Nicol\u00e1s Maduro Moros, para reivindicar la labor del cultor y fortalecer las tradiciones.<\/p>\n<p style=\"text-align: justify;\">El mismo es desarrollado por el Ministerio del Poder Popular para la Cultura, con el respaldo del Gobierno Bolivariano de Trujillo, liderado por el My. Gerardo M\u00e1rquez, a trav\u00e9s del Instituto de la Cultura y las Artes del estado Trujillo, presidido por el profesor Tem\u00edstocles Cabezas Morales, autoridad \u00fanica de la Cultura en la entidad.<\/p>\n<h3 style=\"text-align: justify;\">Formaci\u00f3n<\/h3>\n<p style=\"text-align: justify;\">En la entidad, las actividades arrancaron en el municipio Valera, con talleres y muestras de oficio, donde participaron m\u00e1s de 170 personas, entre j\u00f3venes y adultos, recibiendo formaci\u00f3n en panader\u00eda criolla, mu\u00f1equer\u00eda, percusi\u00f3n y danza tradicional.<\/p>\n<p style=\"text-align: justify;\">Por su parte, en Trujillo y Bocon\u00f3 los talleres contaron con la participaci\u00f3n de m\u00e1s 200 y 150 personas, respectivamente, all\u00ed cultores como Magaly Ca\u00f1izales, Reinaldo Bastidas, Ram\u00f3n M\u00e9ndez, Vicente Su\u00e1rez, entre otros, socializaron sus conocimientos en cester\u00eda, danza tradicional, la Mu\u00f1eca de la Calenda y cer\u00e1mica.<\/p>\n<h3 style=\"text-align: justify;\">Manifestaciones y pasacalles<\/h3>\n<p style=\"text-align: justify;\">Las presentaciones iniciaron a las 5 pm. En Valera se cont\u00f3 con la participaci\u00f3n de escuelas culturales y diversas manifestaciones de ra\u00edz tradicional, c\u00f3mo los Giros de Estovacoy, las Damas Tamboreras, los Chimbangueles de La Ci\u00e9nega, la Sociedad de San Benito y Santa Rosa de Lima y la participaci\u00f3n de los cantantes Eloisa Abreu, Yesdrimar Salas, Johedridrikc Salas, Rafael Delgado, Jairo Mar\u00edn y Daniela Fontana.<\/p>\n<p style=\"text-align: justify;\">En Trujillo los pasacalles y manifestaciones estuvieron encabezados por la Mu\u00f1eca de la Calenda, los Locos y locainas, escuelas culturales, Giros de San Benito de la Mesa de Esnujaque, Chimbangueles del Tambor\u00f3n, Recabitas, los T\u00edos de Timirisis, entre otras manifestaciones y agrupaciones.<\/p>\n<p style=\"text-align: justify;\">Por su parte, Bocon\u00f3 se abri\u00f3 para la presentaci\u00f3n de Los Pastores del Ni\u00f1o Jes\u00fas de San Miguel, los Indios Cospe, los Cantores de Carache, El Palo y la Cinta, Noche Boconesa, entre otras agrupaciones y manifestaciones locales.<\/p>\n<h3 style=\"text-align: justify;\">Coraz\u00f3n Artesano<\/h3>\n<p style=\"text-align: justify;\">C\u00f3mo parte del Festival se realizaron exposiciones artesanales, en las cuales participaron m\u00e1s de 90 creadores de los municipios Trujillo, Valera, Bocon\u00f3, Campo El\u00edas, Pamp\u00e1n, Pampanito, Motat\u00e1n, Rafael Rangel, Escuque, entre otros, quienes mostraron m\u00e1s de sus oficios y compartieron experiencias y an\u00e9cdotas.<\/p>\n<p style=\"text-align: justify;\">\n<p>&nbsp;<\/p>\n<p>&nbsp;<\/p>\n<h6>Prensa Incaet\/Viviana Cegarra Soto\/Gr\u00e1ficas: Jos\u00e9 N\u00fa\u00f1ez<\/h6>\n","protected":false},"excerpt":{"rendered":"<p>Con total \u00e9xito culmin\u00f3 el s\u00e9ptimo cap\u00edtulo del Festival Mundial Viva Venezuela mi Patria Querida, regi\u00f3n Los Andes, donde participaron m\u00e1s 700 cultores y creadores trujillanos, en diversas actividades, realizadas&hellip; <\/p>\n","protected":false},"author":7,"featured_media":40502,"comment_status":"closed","ping_status":"closed","sticky":false,"template":"","format":"standard","meta":{"footnotes":""},"categories":[40],"tags":[],"class_list":["post-40501","post","type-post","status-publish","format-standard","has-post-thumbnail","hentry","category-grantrujillo"],"_links":{"self":[{"href":"https:\/\/ciudadtrujillo.com\/index.php?rest_route=\/wp\/v2\/posts\/40501","targetHints":{"allow":["GET"]}}],"collection":[{"href":"https:\/\/ciudadtrujillo.com\/index.php?rest_route=\/wp\/v2\/posts"}],"about":[{"href":"https:\/\/ciudadtrujillo.com\/index.php?rest_route=\/wp\/v2\/types\/post"}],"author":[{"embeddable":true,"href":"https:\/\/ciudadtrujillo.com\/index.php?rest_route=\/wp\/v2\/users\/7"}],"replies":[{"embeddable":true,"href":"https:\/\/ciudadtrujillo.com\/index.php?rest_route=%2Fwp%2Fv2%2Fcomments&post=40501"}],"version-history":[{"count":1,"href":"https:\/\/ciudadtrujillo.com\/index.php?rest_route=\/wp\/v2\/posts\/40501\/revisions"}],"predecessor-version":[{"id":40503,"href":"https:\/\/ciudadtrujillo.com\/index.php?rest_route=\/wp\/v2\/posts\/40501\/revisions\/40503"}],"wp:featuredmedia":[{"embeddable":true,"href":"https:\/\/ciudadtrujillo.com\/index.php?rest_route=\/wp\/v2\/media\/40502"}],"wp:attachment":[{"href":"https:\/\/ciudadtrujillo.com\/index.php?rest_route=%2Fwp%2Fv2%2Fmedia&parent=40501"}],"wp:term":[{"taxonomy":"category","embeddable":true,"href":"https:\/\/ciudadtrujillo.com\/index.php?rest_route=%2Fwp%2Fv2%2Fcategories&post=40501"},{"taxonomy":"post_tag","embeddable":true,"href":"https:\/\/ciudadtrujillo.com\/index.php?rest_route=%2Fwp%2Fv2%2Ftags&post=40501"}],"curies":[{"name":"wp","href":"https:\/\/api.w.org\/{rel}","templated":true}]}}