{"id":40474,"date":"2024-11-21T20:14:05","date_gmt":"2024-11-22T00:14:05","guid":{"rendered":"https:\/\/ciudadtrujillo.com\/?p=40474"},"modified":"2024-11-21T20:14:05","modified_gmt":"2024-11-22T00:14:05","slug":"jornada-estadal-de-formacion-fortalece-las-direcciones-de-los-planteles-educativos-de-la-entidad","status":"publish","type":"post","link":"https:\/\/ciudadtrujillo.com\/?p=40474","title":{"rendered":"Jornada estadal de formaci\u00f3n fortalece las direcciones de los planteles educativos de la entidad"},"content":{"rendered":"<div dir=\"auto\" style=\"text-align: justify;\">El lunes inici\u00f3 la jornada estadal de formaci\u00f3n dirigida a los directores y supervisores de todos los planteles educativos de la entidad trujillana, finalizando este jueves la atenci\u00f3n de los municipios Trujillo, Pamp\u00e1n y Pampanito del eje capital.<\/div>\n<div dir=\"auto\">\n<div dir=\"auto\" style=\"text-align: justify;\"><\/div>\n<div dir=\"auto\" style=\"text-align: justify;\">Durante el encuentro de apertura, fueron abordados temas relacionados con la direcci\u00f3n, procesos administrativos y procesos de registro y control acad\u00e9mico, a cargo de la Divisi\u00f3n de Gesti\u00f3n Interna y la Divisi\u00f3n de Supervisi\u00f3n Educativa.<\/div>\n<div dir=\"auto\" style=\"text-align: justify;\"><\/div>\n<div dir=\"auto\" style=\"text-align: justify;\">Al respecto, la doctora Mar\u00eda Palomares, autoridad \u00fanica de Educaci\u00f3n del estado Trujillo, dijo: \u00abLa formaci\u00f3n continua es fundamental para garantizar que las direcciones en nuestros planteles sean efectivas; y poder, adem\u00e1s, continuar trabajando en pro del beneficio de los estudiantes\u00bb.<\/div>\n<div dir=\"auto\" style=\"text-align: justify;\"><\/div>\n<div dir=\"auto\" style=\"text-align: justify;\">En la jornada tambi\u00e9n participaron los directores municipales del Centro de Desarrollo de la Calidad Educativa de los municipios mencionados.<\/div>\n<div dir=\"auto\" style=\"text-align: justify;\"><\/div>\n<div dir=\"auto\" style=\"text-align: justify;\">Se tiene previsto para este martes, abordar temas de Educaci\u00f3n Inicial, donde participar\u00e1n los directores de estos planteles. Seguidamente, el d\u00eda mi\u00e9rcoles, Educaci\u00f3n Primaria y la modalidad de Educaci\u00f3n Especial; mientras que el cuarto d\u00eda, se atender\u00e1 Educaci\u00f3n Media y la modalidad de J\u00f3venes Adultas y Adultos.<\/div>\n<div dir=\"auto\" style=\"text-align: justify;\"><\/div>\n<div dir=\"auto\" style=\"text-align: justify;\">Cabe destacar que, en las siguientes semanas se estar\u00e1n atendiendo, progresivamente, los dem\u00e1s municipios.<\/div>\n<\/div>\n<div dir=\"auto\"><\/div>\n<div dir=\"auto\"><\/div>\n<h6 dir=\"auto\">Prensa CDCE<\/h6>\n","protected":false},"excerpt":{"rendered":"<p>El lunes inici\u00f3 la jornada estadal de formaci\u00f3n dirigida a los directores y supervisores de todos los planteles educativos de la entidad trujillana, finalizando este jueves la atenci\u00f3n de los&hellip; <\/p>\n","protected":false},"author":7,"featured_media":40475,"comment_status":"closed","ping_status":"closed","sticky":false,"template":"","format":"standard","meta":{"footnotes":""},"categories":[40],"tags":[],"class_list":["post-40474","post","type-post","status-publish","format-standard","has-post-thumbnail","hentry","category-grantrujillo"],"_links":{"self":[{"href":"https:\/\/ciudadtrujillo.com\/index.php?rest_route=\/wp\/v2\/posts\/40474","targetHints":{"allow":["GET"]}}],"collection":[{"href":"https:\/\/ciudadtrujillo.com\/index.php?rest_route=\/wp\/v2\/posts"}],"about":[{"href":"https:\/\/ciudadtrujillo.com\/index.php?rest_route=\/wp\/v2\/types\/post"}],"author":[{"embeddable":true,"href":"https:\/\/ciudadtrujillo.com\/index.php?rest_route=\/wp\/v2\/users\/7"}],"replies":[{"embeddable":true,"href":"https:\/\/ciudadtrujillo.com\/index.php?rest_route=%2Fwp%2Fv2%2Fcomments&post=40474"}],"version-history":[{"count":1,"href":"https:\/\/ciudadtrujillo.com\/index.php?rest_route=\/wp\/v2\/posts\/40474\/revisions"}],"predecessor-version":[{"id":40476,"href":"https:\/\/ciudadtrujillo.com\/index.php?rest_route=\/wp\/v2\/posts\/40474\/revisions\/40476"}],"wp:featuredmedia":[{"embeddable":true,"href":"https:\/\/ciudadtrujillo.com\/index.php?rest_route=\/wp\/v2\/media\/40475"}],"wp:attachment":[{"href":"https:\/\/ciudadtrujillo.com\/index.php?rest_route=%2Fwp%2Fv2%2Fmedia&parent=40474"}],"wp:term":[{"taxonomy":"category","embeddable":true,"href":"https:\/\/ciudadtrujillo.com\/index.php?rest_route=%2Fwp%2Fv2%2Fcategories&post=40474"},{"taxonomy":"post_tag","embeddable":true,"href":"https:\/\/ciudadtrujillo.com\/index.php?rest_route=%2Fwp%2Fv2%2Ftags&post=40474"}],"curies":[{"name":"wp","href":"https:\/\/api.w.org\/{rel}","templated":true}]}}