{"id":40471,"date":"2024-11-21T20:08:49","date_gmt":"2024-11-22T00:08:49","guid":{"rendered":"https:\/\/ciudadtrujillo.com\/?p=40471"},"modified":"2024-11-21T20:08:49","modified_gmt":"2024-11-22T00:08:49","slug":"mas-de-2-mil-800-familias-trujillanas-atendidas-con-jornadas-de-gas-comunal","status":"publish","type":"post","link":"https:\/\/ciudadtrujillo.com\/?p=40471","title":{"rendered":"M\u00e1s de 2 mil 800 familias trujillanas atendidas con jornadas de Gas Comunal"},"content":{"rendered":"<p style=\"text-align: justify;\">El Gobierno Bolivariano, liderado por el Presidente Nicol\u00e1s Maduro, a trav\u00e9s de la empresa Trujillo Gas Comunal contin\u00faa fortaleciendo la atenci\u00f3n al pueblo mediante las jornadas de distribuci\u00f3n, que permitieron garantizar el servicio a 2.819 familias del municipio Bol\u00edvar.<\/p>\n<p style=\"text-align: justify;\">Gracias al apoyo del gobernador My. Gerardo M\u00e1rquez se abordaron las parroquias Sabana Grande, Granados y Chereg\u00fc\u00e9, y tras los despliegues fueron distribuidos 3.229 cilindros, lo que se traduce en 16.148 litros de GLP, optimizando as\u00ed el servicio.<\/p>\n<p style=\"text-align: justify;\">Cabe mencionar que la fuerza laboral, liderada por la autoridad \u00fanica de Gas Comunal en Trujillo, Cap. Seijas Adri\u00e1n, sigue abordando a la parroquia Chereg\u00fc\u00e9, en aras de favorecer en su totalidad al municipio como parte del quinto ciclo de atenci\u00f3n en esta localidad.<\/p>\n<p>&nbsp;<\/p>\n<p>&nbsp;<\/p>\n<h6>Prensa Trujillo Gas Comunal\/ Yarlenis Albarr\u00e1n<\/h6>\n","protected":false},"excerpt":{"rendered":"<p>El Gobierno Bolivariano, liderado por el Presidente Nicol\u00e1s Maduro, a trav\u00e9s de la empresa Trujillo Gas Comunal contin\u00faa fortaleciendo la atenci\u00f3n al pueblo mediante las jornadas de distribuci\u00f3n, que permitieron&hellip; <\/p>\n","protected":false},"author":7,"featured_media":40472,"comment_status":"closed","ping_status":"closed","sticky":false,"template":"","format":"standard","meta":{"footnotes":""},"categories":[52,40],"tags":[],"class_list":["post-40471","post","type-post","status-publish","format-standard","has-post-thumbnail","hentry","category-destacadas","category-grantrujillo"],"_links":{"self":[{"href":"https:\/\/ciudadtrujillo.com\/index.php?rest_route=\/wp\/v2\/posts\/40471","targetHints":{"allow":["GET"]}}],"collection":[{"href":"https:\/\/ciudadtrujillo.com\/index.php?rest_route=\/wp\/v2\/posts"}],"about":[{"href":"https:\/\/ciudadtrujillo.com\/index.php?rest_route=\/wp\/v2\/types\/post"}],"author":[{"embeddable":true,"href":"https:\/\/ciudadtrujillo.com\/index.php?rest_route=\/wp\/v2\/users\/7"}],"replies":[{"embeddable":true,"href":"https:\/\/ciudadtrujillo.com\/index.php?rest_route=%2Fwp%2Fv2%2Fcomments&post=40471"}],"version-history":[{"count":1,"href":"https:\/\/ciudadtrujillo.com\/index.php?rest_route=\/wp\/v2\/posts\/40471\/revisions"}],"predecessor-version":[{"id":40473,"href":"https:\/\/ciudadtrujillo.com\/index.php?rest_route=\/wp\/v2\/posts\/40471\/revisions\/40473"}],"wp:featuredmedia":[{"embeddable":true,"href":"https:\/\/ciudadtrujillo.com\/index.php?rest_route=\/wp\/v2\/media\/40472"}],"wp:attachment":[{"href":"https:\/\/ciudadtrujillo.com\/index.php?rest_route=%2Fwp%2Fv2%2Fmedia&parent=40471"}],"wp:term":[{"taxonomy":"category","embeddable":true,"href":"https:\/\/ciudadtrujillo.com\/index.php?rest_route=%2Fwp%2Fv2%2Fcategories&post=40471"},{"taxonomy":"post_tag","embeddable":true,"href":"https:\/\/ciudadtrujillo.com\/index.php?rest_route=%2Fwp%2Fv2%2Ftags&post=40471"}],"curies":[{"name":"wp","href":"https:\/\/api.w.org\/{rel}","templated":true}]}}