{"id":40410,"date":"2024-11-20T18:10:14","date_gmt":"2024-11-20T22:10:14","guid":{"rendered":"https:\/\/ciudadtrujillo.com\/?p=40410"},"modified":"2024-11-20T18:10:14","modified_gmt":"2024-11-20T22:10:14","slug":"presidente-turco-cuestiona-licencias-a-ucrania-para-usar-misiles-contra-rusia","status":"publish","type":"post","link":"https:\/\/ciudadtrujillo.com\/?p=40410","title":{"rendered":"Presidente turco cuestiona \u00ablicencias\u00bb a Ucrania para usar misiles contra Rusia"},"content":{"rendered":"<p style=\"text-align: justify;\">\u201cNo consideramos correcta esta decisi\u00f3n ni la aprobamos\u201d, dijo el presidente de T\u00fcrkiye, Recep Tayyip Erdogan, al mostrar su rechazo a la decisi\u00f3n de autorizar \u00ablicencias\u00bb a Ucrania, por parte de los Gobiernos de los Estados Unidos, Gran Breta\u00f1a y Francia, para el uso de misiles de largo alcance contra Rusia. \u201cEsta autorizaci\u00f3n por parte de Biden\u201d, aclar\u00f3 el mandatario, es \u201cuna medida para alimentar la guerra y garantizar que nunca termine, o incluso se extienda\u201d.<\/p>\n<p style=\"text-align: justify;\">En el avi\u00f3n a su regreso de su visita a Brasil con motivo de la cumbre del G20, el presidente respondi\u00f3 a algunas preguntas de los periodistas al respecto y declar\u00f3 que es una decisi\u00f3n que no apoya, ya que el final de la guerra entre Ucrania y Rusia puede terminar con \u201cm\u00e1s esfuerzos de paz, m\u00e1s buena voluntad y diplomacia; en lugar de m\u00e1s armas, m\u00e1s sangre, m\u00e1s l\u00e1grimas\u201d.<\/p>\n<p style=\"text-align: justify;\">Durante las \u00faltimas jornadas, EE. UU. autoriz\u00f3 a Ucrania el uso de los misiles ATACMS para atacar a Rusia en profundidad, mientras que Gran Breta\u00f1a y Francia hicieron otro tanto con los misiles Storm Shadow.<\/p>\n<p style=\"text-align: justify;\">Sobre la anunciada respuesta de Rusia ante este ataque contra su territorio, el jefe de Estado turco record\u00f3 que el presidente Vlad\u00edmir Putin aprob\u00f3 la doctrina que permite a su pa\u00eds responder con armas nucleares si es atacado con misiles bal\u00edsticos, \u201cun paso que puede llevar a la regi\u00f3n y al mundo al borde de una nueva y gran guerra\u201d.<\/p>\n<p style=\"text-align: justify;\">\u201cNo se puede llegar a ninguna parte con el entendimiento de \u2018despu\u00e9s de m\u00ed habr\u00e1 una inundaci\u00f3n\u2019\u201d, expres\u00f3 Erdogan, quien tambi\u00e9n manifest\u00f3 su deseo de que las partes ucraniana y rusa se centren en la paz, sin sucumbir a las provocaciones.<\/p>\n<p style=\"text-align: justify;\">Durante la entrevista, el presidente turco tambi\u00e9n abord\u00f3 cuestiones sobre los operativos militares turcos en Siria, dirigidos contra grupos armados establecidos all\u00ed que Ankara considera terroristas y una amenaza a su seguridad nacional. \u201cLa expulsi\u00f3n de la organizaci\u00f3n PKK\/PYD\/YPG de esta regi\u00f3n, que es extremadamente importante para T\u00fcrkiye, es un objetivo de la administraci\u00f3n turca, ya que sus acciones han tra\u00eddo inestabilidad a nuestro territorio\u201d, indic\u00f3 Erdogan.<\/p>\n<p style=\"text-align: justify;\">Sobre la defensa del territorio turco frente al avance del terrorismo en la regi\u00f3n, agreg\u00f3 que \u201cT\u00fcrkiye est\u00e1 preparada tanto para la nueva situaci\u00f3n como para la realidad actual, que crear\u00e1 la retirada de Estados Unidos de Siria. Nuestra seguridad nacional es lo primero y est\u00e1 por encima de todo lo dem\u00e1s\u201d.<\/p>\n<p>&nbsp;<\/p>\n<p>&nbsp;<\/p>\n<h6>\u00a0VTV<\/h6>\n","protected":false},"excerpt":{"rendered":"<p>\u201cNo consideramos correcta esta decisi\u00f3n ni la aprobamos\u201d, dijo el presidente de T\u00fcrkiye, Recep Tayyip Erdogan, al mostrar su rechazo a la decisi\u00f3n de autorizar \u00ablicencias\u00bb a Ucrania, por parte&hellip; <\/p>\n","protected":false},"author":7,"featured_media":40411,"comment_status":"closed","ping_status":"closed","sticky":false,"template":"","format":"standard","meta":{"footnotes":""},"categories":[42],"tags":[],"class_list":["post-40410","post","type-post","status-publish","format-standard","has-post-thumbnail","hentry","category-mundo"],"_links":{"self":[{"href":"https:\/\/ciudadtrujillo.com\/index.php?rest_route=\/wp\/v2\/posts\/40410","targetHints":{"allow":["GET"]}}],"collection":[{"href":"https:\/\/ciudadtrujillo.com\/index.php?rest_route=\/wp\/v2\/posts"}],"about":[{"href":"https:\/\/ciudadtrujillo.com\/index.php?rest_route=\/wp\/v2\/types\/post"}],"author":[{"embeddable":true,"href":"https:\/\/ciudadtrujillo.com\/index.php?rest_route=\/wp\/v2\/users\/7"}],"replies":[{"embeddable":true,"href":"https:\/\/ciudadtrujillo.com\/index.php?rest_route=%2Fwp%2Fv2%2Fcomments&post=40410"}],"version-history":[{"count":1,"href":"https:\/\/ciudadtrujillo.com\/index.php?rest_route=\/wp\/v2\/posts\/40410\/revisions"}],"predecessor-version":[{"id":40412,"href":"https:\/\/ciudadtrujillo.com\/index.php?rest_route=\/wp\/v2\/posts\/40410\/revisions\/40412"}],"wp:featuredmedia":[{"embeddable":true,"href":"https:\/\/ciudadtrujillo.com\/index.php?rest_route=\/wp\/v2\/media\/40411"}],"wp:attachment":[{"href":"https:\/\/ciudadtrujillo.com\/index.php?rest_route=%2Fwp%2Fv2%2Fmedia&parent=40410"}],"wp:term":[{"taxonomy":"category","embeddable":true,"href":"https:\/\/ciudadtrujillo.com\/index.php?rest_route=%2Fwp%2Fv2%2Fcategories&post=40410"},{"taxonomy":"post_tag","embeddable":true,"href":"https:\/\/ciudadtrujillo.com\/index.php?rest_route=%2Fwp%2Fv2%2Ftags&post=40410"}],"curies":[{"name":"wp","href":"https:\/\/api.w.org\/{rel}","templated":true}]}}