{"id":40396,"date":"2024-11-19T19:47:14","date_gmt":"2024-11-19T23:47:14","guid":{"rendered":"https:\/\/ciudadtrujillo.com\/?p=40396"},"modified":"2024-11-19T19:47:14","modified_gmt":"2024-11-19T23:47:14","slug":"1x10-llevo-medicamentos-y-dispositivos-tecnicos-a-jornada-social-integral-en-santa-ana","status":"publish","type":"post","link":"https:\/\/ciudadtrujillo.com\/?p=40396","title":{"rendered":"1&#215;10 llev\u00f3 medicamentos y dispositivos t\u00e9cnicos a jornada social integral en Santa Ana"},"content":{"rendered":"<p style=\"text-align: justify;\">El 1&#215;10 del Buen Gobierno presente en la Jornada Social Integral que realiz\u00f3 el Gobierno Bolivariano en la parroquia Santa Ana del municipio Pamp\u00e1n este lunes 18 de noviembre como parte de las acciones gubernamentales para conmemorar los 204 a\u00f1os del abrazo de Bol\u00edvar y Morillo.<\/p>\n<p style=\"text-align: justify;\">En la jornada participaron 35 instituciones nacionales y regionales, cada una de ellas realiz\u00f3 su aporte en el \u00e1rea competente para brindar atenci\u00f3n integral a los residentes de esa localidad, por su parte, el equipo del Puesto de Comando Estadal del 1&#215;10 del Buen Gobierno se encarg\u00f3 de asistir los casos de VenApp, en ese sentido, entreg\u00f3 medicamentos y dispositivos t\u00e9cnicos a quienes hab\u00edan realizado solicitudes por medio de la VenApp.<\/p>\n<h3 style=\"text-align: justify;\">Abordaje social<\/h3>\n<p style=\"text-align: justify;\">Previamente, el personal del 1&#215;10 hab\u00eda efectuado un abordaje social en la prenombrada parroquia. Espec\u00edficamente, los d\u00edas 12 y 13 de noviembre los funcionarios recorrieron: \u201cEl Pozo\u201d, \u201cPueblo Nuevo\u201d, \u201cSanta Rita\u201d, \u201cSan Juan II\u201d, \u201cLos Frailes\u201d, \u201cLa Becerrera\u201d, \u201cValle Abajo\u201d y \u201cLa Arenita\u201d, para conocer la realidad de su entorno.<\/p>\n<p style=\"text-align: justify;\">\u201cSe trata de zonas donde muchos de sus habitantes est\u00e1n poco familiarizados con el uso de la tecnolog\u00eda y desconocen c\u00f3mo hacer un reporte a trav\u00e9s de la Ven App, por esa raz\u00f3n nos abocamos a realizar visita casa por casa para conocer su situaci\u00f3n y brindarle la debida asistencia\u201d, coment\u00f3 C\u00e9sar Fern\u00e1ndez, director del Puesto de Comando Estadal del 1&#215;10.<\/p>\n<p style=\"text-align: justify;\">Tras ese abordaje, los representantes del 1&#215;10 pudieron dar respuesta a las comunidades y llevar este lunes un gran lote de medicamentos y dispositivos t\u00e9cnicos (silla de ruedas, coches ortop\u00e9dicos, sillas sanitarias, muletas, colchones ortop\u00e9dicos y bastones) para entregar a quienes hab\u00edan formulado su reporte por la VenApp.<\/p>\n<p style=\"text-align: justify;\">En total, fueron beneficiadas m\u00e1s de 3 mil personas con la realizaci\u00f3n de la jornada. \u201csomos una nueva forma de hacer gobierno, donde pueblo e instituciones se suman para generar bienestar\u201d, concluy\u00f3 Fern\u00e1ndez .<\/p>\n<p>&nbsp;<\/p>\n<p>&nbsp;<\/p>\n<h6>Prensa Puesto de Comando Estadal del 1&#215;10 del Buen Gobierno<\/h6>\n","protected":false},"excerpt":{"rendered":"<p>El 1&#215;10 del Buen Gobierno presente en la Jornada Social Integral que realiz\u00f3 el Gobierno Bolivariano en la parroquia Santa Ana del municipio Pamp\u00e1n este lunes 18 de noviembre como&hellip; <\/p>\n","protected":false},"author":7,"featured_media":40397,"comment_status":"closed","ping_status":"closed","sticky":false,"template":"","format":"standard","meta":{"footnotes":""},"categories":[40],"tags":[],"class_list":["post-40396","post","type-post","status-publish","format-standard","has-post-thumbnail","hentry","category-grantrujillo"],"_links":{"self":[{"href":"https:\/\/ciudadtrujillo.com\/index.php?rest_route=\/wp\/v2\/posts\/40396","targetHints":{"allow":["GET"]}}],"collection":[{"href":"https:\/\/ciudadtrujillo.com\/index.php?rest_route=\/wp\/v2\/posts"}],"about":[{"href":"https:\/\/ciudadtrujillo.com\/index.php?rest_route=\/wp\/v2\/types\/post"}],"author":[{"embeddable":true,"href":"https:\/\/ciudadtrujillo.com\/index.php?rest_route=\/wp\/v2\/users\/7"}],"replies":[{"embeddable":true,"href":"https:\/\/ciudadtrujillo.com\/index.php?rest_route=%2Fwp%2Fv2%2Fcomments&post=40396"}],"version-history":[{"count":1,"href":"https:\/\/ciudadtrujillo.com\/index.php?rest_route=\/wp\/v2\/posts\/40396\/revisions"}],"predecessor-version":[{"id":40398,"href":"https:\/\/ciudadtrujillo.com\/index.php?rest_route=\/wp\/v2\/posts\/40396\/revisions\/40398"}],"wp:featuredmedia":[{"embeddable":true,"href":"https:\/\/ciudadtrujillo.com\/index.php?rest_route=\/wp\/v2\/media\/40397"}],"wp:attachment":[{"href":"https:\/\/ciudadtrujillo.com\/index.php?rest_route=%2Fwp%2Fv2%2Fmedia&parent=40396"}],"wp:term":[{"taxonomy":"category","embeddable":true,"href":"https:\/\/ciudadtrujillo.com\/index.php?rest_route=%2Fwp%2Fv2%2Fcategories&post=40396"},{"taxonomy":"post_tag","embeddable":true,"href":"https:\/\/ciudadtrujillo.com\/index.php?rest_route=%2Fwp%2Fv2%2Ftags&post=40396"}],"curies":[{"name":"wp","href":"https:\/\/api.w.org\/{rel}","templated":true}]}}