{"id":40393,"date":"2024-11-19T19:44:22","date_gmt":"2024-11-19T23:44:22","guid":{"rendered":"https:\/\/ciudadtrujillo.com\/?p=40393"},"modified":"2024-11-19T19:44:22","modified_gmt":"2024-11-19T23:44:22","slug":"fuerza-de-tarea-andes-2024-activa-para-atender-eventualidades-por-lluvias-en-pampan","status":"publish","type":"post","link":"https:\/\/ciudadtrujillo.com\/?p=40393","title":{"rendered":"Fuerza de Tarea Andes 2024 activa para atender eventualidades por lluvias en Pamp\u00e1n"},"content":{"rendered":"<p style=\"text-align: justify;\">Durante una semana consecutiva se ha brindado respuesta inmediata a las familias afectadas tras los derrumbes de material rocoso y sedimento de gran magnitud registrados en la troncal 007 en la v\u00eda que conduce a Pamp\u00e1n-Bocon\u00f3, espec\u00edficamente en los sectores Los Chorros, Siquisay, Vit\u00fa del Toro, los Corrales, La Trinidad, Muvin, Las Traves\u00edas de Vit\u00fa y Diego Diaz del municipio Pamp\u00e1n, el equipo operativo y de gesti\u00f3n de riesgo de Protecci\u00f3n Civil en labor emprendida por el Gobierno Bolivariano, a trav\u00e9s del Estado Mayor de Emergencias, el agrupamiento social y gabinete de infraestructura, en perfecta uni\u00f3n c\u00edvico militar y policial, como activaci\u00f3n de la Fuerza de Tarea Humanitaria, Los Andes 2024, cap\u00edtulo Trujillo.<\/p>\n<p style=\"text-align: justify;\">Al momento, el equipo de Gesti\u00f3n de Riesgo de Protecci\u00f3n Civil ha evaluado un estimado de 30 familias afectadas directamente por los deslizamientos, derrumbes e incremento de las vertientes naturales en el sector Los Chorros, debido a la saturaci\u00f3n h\u00eddrica en las zonas monta\u00f1osas parroquias Flor de Patria y Santa Ana del municipio Pamp\u00e1n, donde hasta ahora el gobierno regional, liderado por el My. Gerardo M\u00e1rquez y siguiendo lineamientos del presidente Nicol\u00e1s Maduro, ha activado un total de 10 frentes de trabajo con diversas instituciones para atender de manera oportuna la situaci\u00f3n por las lluvias en las zonas mencionadas.<\/p>\n<p style=\"text-align: justify;\">Asimismo, se pudo conocer a trav\u00e9s de la Coordinaci\u00f3n de Gesti\u00f3n de Riesgo de PC que gracias a la gesti\u00f3n emprendida por todos los equipos se ha restablecido el paso vehicular casi en su totalidad, donde se mantiene intermitente debido a las labores de las maquinarias e infraestructura para asegurar el resguardo de los transe\u00fantes en la zona. De igual modo, se mantienen los t\u00e9cnicos y profesionales evaluando a las familias cercanas en la zona para determinar el tipo de afectaci\u00f3n que han podido tener y sincerar la data de viviendas y familias, en conjunto con el agrupamiento social.<\/p>\n<p>&nbsp;<\/p>\n<p>&nbsp;<\/p>\n<h6>Prensa Protecci\u00f3n Civil<\/h6>\n","protected":false},"excerpt":{"rendered":"<p>Durante una semana consecutiva se ha brindado respuesta inmediata a las familias afectadas tras los derrumbes de material rocoso y sedimento de gran magnitud registrados en la troncal 007 en&hellip; <\/p>\n","protected":false},"author":7,"featured_media":40394,"comment_status":"closed","ping_status":"closed","sticky":false,"template":"","format":"standard","meta":{"footnotes":""},"categories":[40],"tags":[],"class_list":["post-40393","post","type-post","status-publish","format-standard","has-post-thumbnail","hentry","category-grantrujillo"],"_links":{"self":[{"href":"https:\/\/ciudadtrujillo.com\/index.php?rest_route=\/wp\/v2\/posts\/40393","targetHints":{"allow":["GET"]}}],"collection":[{"href":"https:\/\/ciudadtrujillo.com\/index.php?rest_route=\/wp\/v2\/posts"}],"about":[{"href":"https:\/\/ciudadtrujillo.com\/index.php?rest_route=\/wp\/v2\/types\/post"}],"author":[{"embeddable":true,"href":"https:\/\/ciudadtrujillo.com\/index.php?rest_route=\/wp\/v2\/users\/7"}],"replies":[{"embeddable":true,"href":"https:\/\/ciudadtrujillo.com\/index.php?rest_route=%2Fwp%2Fv2%2Fcomments&post=40393"}],"version-history":[{"count":1,"href":"https:\/\/ciudadtrujillo.com\/index.php?rest_route=\/wp\/v2\/posts\/40393\/revisions"}],"predecessor-version":[{"id":40395,"href":"https:\/\/ciudadtrujillo.com\/index.php?rest_route=\/wp\/v2\/posts\/40393\/revisions\/40395"}],"wp:featuredmedia":[{"embeddable":true,"href":"https:\/\/ciudadtrujillo.com\/index.php?rest_route=\/wp\/v2\/media\/40394"}],"wp:attachment":[{"href":"https:\/\/ciudadtrujillo.com\/index.php?rest_route=%2Fwp%2Fv2%2Fmedia&parent=40393"}],"wp:term":[{"taxonomy":"category","embeddable":true,"href":"https:\/\/ciudadtrujillo.com\/index.php?rest_route=%2Fwp%2Fv2%2Fcategories&post=40393"},{"taxonomy":"post_tag","embeddable":true,"href":"https:\/\/ciudadtrujillo.com\/index.php?rest_route=%2Fwp%2Fv2%2Ftags&post=40393"}],"curies":[{"name":"wp","href":"https:\/\/api.w.org\/{rel}","templated":true}]}}