{"id":40387,"date":"2024-11-19T19:38:31","date_gmt":"2024-11-19T23:38:31","guid":{"rendered":"https:\/\/ciudadtrujillo.com\/?p=40387"},"modified":"2024-11-19T19:38:31","modified_gmt":"2024-11-19T23:38:31","slug":"gobierno-regional-coloca-415-tn-de-asfalto-en-escuque-y-rafael-rangel","status":"publish","type":"post","link":"https:\/\/ciudadtrujillo.com\/?p=40387","title":{"rendered":"Gobierno regional coloca 415 TN de asfalto en Escuque y Rafael Rangel"},"content":{"rendered":"<p style=\"text-align: justify;\">Cumpliendo con la tarea encomendada por el Presidente Nicol\u00e1s Maduro y el gobernador Gerardo M\u00e1rquez de recuperar integralmente las v\u00edas trujillanas, el equipo de la Empresa de Asfalto del estado (Emastru) desarrolla labores de pavimentaci\u00f3n en localidades de los municipios Escuque y Rafael Rangel.<\/p>\n<p style=\"text-align: justify;\">En este sentido, el alcalde de Escuque, Ely Abreu, destac\u00f3 que gracias a los recursos aprobados a trav\u00e9s del Consejo Federal de Gobierno se articul\u00f3 con Emastru para llevar a cabo trabajos de asfaltado a la altura del sector La Mata, perteneciente a la parroquia Santa Rita, donde se colocaron 260 toneladas de asfalto para garantizar una vialidad en \u00f3ptimas condiciones que permita el tr\u00e1nsito seguro en esta comunidad agr\u00edcola.<\/p>\n<p style=\"text-align: justify;\">Abreu asever\u00f3 que el plan de asfaltado continuar\u00e1 desarroll\u00e1ndose en dem\u00e1s sectores. Por su parte, los habitantes de La Mata se\u00f1alaron que realizaron la petici\u00f3n al ejecutivo regional a trav\u00e9s de la VenApp, obteniendo respuesta del Gobierno Bolivariano que est\u00e1 comprometido con el pueblo.<\/p>\n<p style=\"text-align: justify;\">En lo que respecta al despliegue del talento humano de Emastru en Rafael Rangel, se han abordado las calles Independencia y Antonio Olmos de la parroquia La Pueblita, colocando 155 toneladas de asfalto en la zona.<\/p>\n<p style=\"text-align: justify;\">De esta manera, el Gobierno Bolivariano de Trujillo sigue acompa\u00f1ando a las comunidades dando respuesta a sus solicitudes en materia de recuperaci\u00f3n vial.<\/p>\n<p>&nbsp;<\/p>\n<p>&nbsp;<\/p>\n<h6>Prensa Emastru<\/h6>\n","protected":false},"excerpt":{"rendered":"<p>Cumpliendo con la tarea encomendada por el Presidente Nicol\u00e1s Maduro y el gobernador Gerardo M\u00e1rquez de recuperar integralmente las v\u00edas trujillanas, el equipo de la Empresa de Asfalto del estado&hellip; <\/p>\n","protected":false},"author":7,"featured_media":40388,"comment_status":"closed","ping_status":"closed","sticky":false,"template":"","format":"standard","meta":{"footnotes":""},"categories":[40],"tags":[],"class_list":["post-40387","post","type-post","status-publish","format-standard","has-post-thumbnail","hentry","category-grantrujillo"],"_links":{"self":[{"href":"https:\/\/ciudadtrujillo.com\/index.php?rest_route=\/wp\/v2\/posts\/40387","targetHints":{"allow":["GET"]}}],"collection":[{"href":"https:\/\/ciudadtrujillo.com\/index.php?rest_route=\/wp\/v2\/posts"}],"about":[{"href":"https:\/\/ciudadtrujillo.com\/index.php?rest_route=\/wp\/v2\/types\/post"}],"author":[{"embeddable":true,"href":"https:\/\/ciudadtrujillo.com\/index.php?rest_route=\/wp\/v2\/users\/7"}],"replies":[{"embeddable":true,"href":"https:\/\/ciudadtrujillo.com\/index.php?rest_route=%2Fwp%2Fv2%2Fcomments&post=40387"}],"version-history":[{"count":1,"href":"https:\/\/ciudadtrujillo.com\/index.php?rest_route=\/wp\/v2\/posts\/40387\/revisions"}],"predecessor-version":[{"id":40389,"href":"https:\/\/ciudadtrujillo.com\/index.php?rest_route=\/wp\/v2\/posts\/40387\/revisions\/40389"}],"wp:featuredmedia":[{"embeddable":true,"href":"https:\/\/ciudadtrujillo.com\/index.php?rest_route=\/wp\/v2\/media\/40388"}],"wp:attachment":[{"href":"https:\/\/ciudadtrujillo.com\/index.php?rest_route=%2Fwp%2Fv2%2Fmedia&parent=40387"}],"wp:term":[{"taxonomy":"category","embeddable":true,"href":"https:\/\/ciudadtrujillo.com\/index.php?rest_route=%2Fwp%2Fv2%2Fcategories&post=40387"},{"taxonomy":"post_tag","embeddable":true,"href":"https:\/\/ciudadtrujillo.com\/index.php?rest_route=%2Fwp%2Fv2%2Ftags&post=40387"}],"curies":[{"name":"wp","href":"https:\/\/api.w.org\/{rel}","templated":true}]}}