{"id":40366,"date":"2024-11-19T19:21:01","date_gmt":"2024-11-19T23:21:01","guid":{"rendered":"https:\/\/ciudadtrujillo.com\/?p=40366"},"modified":"2024-11-19T19:21:01","modified_gmt":"2024-11-19T23:21:01","slug":"gobierno-da-72-horas-a-responsables-de-tiktok-para-retirar-retos-virales-en-venezuela","status":"publish","type":"post","link":"https:\/\/ciudadtrujillo.com\/?p=40366","title":{"rendered":"Gobierno da 72 horas a responsables de TikTok para retirar retos virales en Venezuela"},"content":{"rendered":"<p style=\"text-align: justify;\">El Presidente de la Rep\u00fablica Bolivariana de Venezuela, Nicol\u00e1s Maduro Moros, responsabiliz\u00f3 a los representantes de la red social TikTok para Am\u00e9rica Latina, por el fallecimiento de dos ni\u00f1os de 12 y 14 a\u00f1os de edad, que fueron v\u00edctimas de los retos virales que se reproducen a trav\u00e9s de esta plataforma digital, y les dio 72 horas para que retiren este tipo de retos en el pa\u00eds.<br \/>\nDurante la transmisi\u00f3n del programa Con Maduro+, n\u00famero 67, el jefe de Estado orden\u00f3 al ministro Jorge M\u00e1rquez, quien adem\u00e1s es presidente de Conatel, para que se comunique inmediatamente con los representantes de TikTok y que se retiren todos estos desaf\u00edos en el pa\u00eds.<\/p>\n<p style=\"text-align: justify;\">\u00abSobre ustedes, recaen estas muertes de los ni\u00f1os, porque son ustedes los que difunden este tipo de contenido que lo que genera es caos y muertes. De no responder en 72 horas, la Rep\u00fablica Bolivariana de Venezuela tomar\u00e1 las medidas m\u00e1s severas sobre TikTok\u201d, expres\u00f3 el mandatario nacional al tiempo que cuestion\u00f3 que estas redes promuevan la violencia y lleven hasta el asesinato de personas, como ha sucedido en los Estados Unidos. \u00abA trav\u00e9s de las redes sociales buscan destruir el futuro de nuestros pa\u00edses\u201d, conden\u00f3.<\/p>\n<p style=\"text-align: justify;\">De igual manera, el presidente Maduro llam\u00f3 a la conciencia cr\u00edtica de los padres y representantes para que desde el hogar eviten que los ni\u00f1os se sumen a este tipo de retos y pidi\u00f3 a los maestros y l\u00edderes comunales tener mayor vigilancia. \u201cEllos censuran lo que pueda beneficiar a Venezuela o a la humanidad, pero permiten que este tipo de retos se reproduzcan\u00bb.<\/p>\n<p style=\"text-align: justify;\">\u201cEl jueves en el programa con Maduro de Repente, habl\u00e9 por primera vez sobre estos retos. Muri\u00f3 una ni\u00f1a en Petare hoy, de doce a\u00f1os, de un liceo p\u00fablico, una unidad escolar, por ingerir y seguir estos llamados retos\u201d, relat\u00f3 el jefe de Estado y a\u00f1adi\u00f3 que la ni\u00f1a logr\u00f3 hablar en medio de sus convulsiones y mencion\u00f3 haber visto el desaf\u00edo en TikTok.<\/p>\n<p style=\"text-align: justify;\">Tambi\u00e9n inform\u00f3 sobre la muerte de otro ni\u00f1o de catorce a\u00f1os, que particip\u00f3 en estos desaf\u00edos peligrosos. \u201cHoy tambi\u00e9n muy temprano el ministro del Poder Popular para la Educaci\u00f3n, H\u00e9ctor Rodr\u00edguez, me dio una noticia dolorosa, muy dolorosa, de la muerte de otro ni\u00f1o que particip\u00f3 en esos desaf\u00edos que est\u00e1n corriendo por TikTok y que han afectado a varios pa\u00edses\u201d, lament\u00f3.<\/p>\n<p style=\"text-align: justify;\">En este sentido, explic\u00f3 que estos retos han impactado diversas comunidades en Venezuela, como Barinas, los Valles del Tuy, entre otros.<\/p>\n<p style=\"text-align: justify;\">En su mensaje reiter\u00f3 la necesidad urgente de proteger a los ni\u00f1os y ni\u00f1as del pa\u00eds, ante los peligros que representan ciertos contenidos en redes sociales, por lo que hizo un llamado a la acci\u00f3n conjunta desde la comunidad y las instituciones educativas.<\/p>\n<p>&nbsp;<\/p>\n<p>&nbsp;<\/p>\n<h6>VTV<\/h6>\n","protected":false},"excerpt":{"rendered":"<p>El Presidente de la Rep\u00fablica Bolivariana de Venezuela, Nicol\u00e1s Maduro Moros, responsabiliz\u00f3 a los representantes de la red social TikTok para Am\u00e9rica Latina, por el fallecimiento de dos ni\u00f1os de&hellip; <\/p>\n","protected":false},"author":7,"featured_media":40367,"comment_status":"closed","ping_status":"closed","sticky":false,"template":"","format":"standard","meta":{"footnotes":""},"categories":[41],"tags":[],"class_list":["post-40366","post","type-post","status-publish","format-standard","has-post-thumbnail","hentry","category-pais"],"_links":{"self":[{"href":"https:\/\/ciudadtrujillo.com\/index.php?rest_route=\/wp\/v2\/posts\/40366","targetHints":{"allow":["GET"]}}],"collection":[{"href":"https:\/\/ciudadtrujillo.com\/index.php?rest_route=\/wp\/v2\/posts"}],"about":[{"href":"https:\/\/ciudadtrujillo.com\/index.php?rest_route=\/wp\/v2\/types\/post"}],"author":[{"embeddable":true,"href":"https:\/\/ciudadtrujillo.com\/index.php?rest_route=\/wp\/v2\/users\/7"}],"replies":[{"embeddable":true,"href":"https:\/\/ciudadtrujillo.com\/index.php?rest_route=%2Fwp%2Fv2%2Fcomments&post=40366"}],"version-history":[{"count":1,"href":"https:\/\/ciudadtrujillo.com\/index.php?rest_route=\/wp\/v2\/posts\/40366\/revisions"}],"predecessor-version":[{"id":40368,"href":"https:\/\/ciudadtrujillo.com\/index.php?rest_route=\/wp\/v2\/posts\/40366\/revisions\/40368"}],"wp:featuredmedia":[{"embeddable":true,"href":"https:\/\/ciudadtrujillo.com\/index.php?rest_route=\/wp\/v2\/media\/40367"}],"wp:attachment":[{"href":"https:\/\/ciudadtrujillo.com\/index.php?rest_route=%2Fwp%2Fv2%2Fmedia&parent=40366"}],"wp:term":[{"taxonomy":"category","embeddable":true,"href":"https:\/\/ciudadtrujillo.com\/index.php?rest_route=%2Fwp%2Fv2%2Fcategories&post=40366"},{"taxonomy":"post_tag","embeddable":true,"href":"https:\/\/ciudadtrujillo.com\/index.php?rest_route=%2Fwp%2Fv2%2Ftags&post=40366"}],"curies":[{"name":"wp","href":"https:\/\/api.w.org\/{rel}","templated":true}]}}