{"id":40362,"date":"2024-11-18T22:16:34","date_gmt":"2024-11-19T02:16:34","guid":{"rendered":"https:\/\/ciudadtrujillo.com\/?p=40362"},"modified":"2024-11-18T22:16:34","modified_gmt":"2024-11-19T02:16:34","slug":"mas-de-3-mil-habitantes-de-santa-ana-abordados-con-jornada-social-integral","status":"publish","type":"post","link":"https:\/\/ciudadtrujillo.com\/?p=40362","title":{"rendered":"M\u00e1s de 3 mil habitantes de Santa Ana abordados con jornada social integral"},"content":{"rendered":"<p style=\"text-align: justify;\">Para conmemorar el hist\u00f3rico encuentro entre el Libertador Sim\u00f3n Bol\u00edvar y el realista Pablo Morillo, hace 204 a\u00f1os, el Gobierno Bolivariano abord\u00f3 a m\u00e1s de 3 mil habitantes de Santa Ana, municipio Pamp\u00e1n, con una jornada social integral y el despliegue de 35 instituciones nacionales y regionales.<\/p>\n<p style=\"text-align: justify;\">As\u00ed lo especific\u00f3 Ang\u00e9lica Mor\u00f3n, directora de Desarrollo Social y Participativo, quien exalt\u00f3 que como parte de las orientaciones del gobernador Gerardo M\u00e1rquez y el respaldo del Presidente Nicol\u00e1s Maduro se realiz\u00f3 esta jornada del Plan de Amor en Acci\u00f3n con Feria del Campo Soberano, atenci\u00f3n m\u00e9dica adem\u00e1s de la respuesta oportuna de las solicitudes de la VenApp.<\/p>\n<p style=\"text-align: justify;\">Por su parte, Mar\u00eda Eugenia Segovia, directora de la Escuela 27 de Noviembre de 1820 lugar en donde se efectu\u00f3 el abordaje, reconoci\u00f3 el trabajo de la Revoluci\u00f3n y a\u00f1adi\u00f3 que al pueblo se le entregaron ayudas humanas, alimentos, gas dom\u00e9stico, entre otros recursos.<\/p>\n<p>&nbsp;<\/p>\n<p>&nbsp;<\/p>\n<h6>Eliph Catalina Fern\u00e1ndez\/Gr\u00e1ficas: David Vasquez<\/h6>\n","protected":false},"excerpt":{"rendered":"<p>Para conmemorar el hist\u00f3rico encuentro entre el Libertador Sim\u00f3n Bol\u00edvar y el realista Pablo Morillo, hace 204 a\u00f1os, el Gobierno Bolivariano abord\u00f3 a m\u00e1s de 3 mil habitantes de Santa&hellip; <\/p>\n","protected":false},"author":7,"featured_media":40363,"comment_status":"closed","ping_status":"closed","sticky":false,"template":"","format":"standard","meta":{"footnotes":""},"categories":[52,40],"tags":[],"class_list":["post-40362","post","type-post","status-publish","format-standard","has-post-thumbnail","hentry","category-destacadas","category-grantrujillo"],"_links":{"self":[{"href":"https:\/\/ciudadtrujillo.com\/index.php?rest_route=\/wp\/v2\/posts\/40362","targetHints":{"allow":["GET"]}}],"collection":[{"href":"https:\/\/ciudadtrujillo.com\/index.php?rest_route=\/wp\/v2\/posts"}],"about":[{"href":"https:\/\/ciudadtrujillo.com\/index.php?rest_route=\/wp\/v2\/types\/post"}],"author":[{"embeddable":true,"href":"https:\/\/ciudadtrujillo.com\/index.php?rest_route=\/wp\/v2\/users\/7"}],"replies":[{"embeddable":true,"href":"https:\/\/ciudadtrujillo.com\/index.php?rest_route=%2Fwp%2Fv2%2Fcomments&post=40362"}],"version-history":[{"count":1,"href":"https:\/\/ciudadtrujillo.com\/index.php?rest_route=\/wp\/v2\/posts\/40362\/revisions"}],"predecessor-version":[{"id":40364,"href":"https:\/\/ciudadtrujillo.com\/index.php?rest_route=\/wp\/v2\/posts\/40362\/revisions\/40364"}],"wp:featuredmedia":[{"embeddable":true,"href":"https:\/\/ciudadtrujillo.com\/index.php?rest_route=\/wp\/v2\/media\/40363"}],"wp:attachment":[{"href":"https:\/\/ciudadtrujillo.com\/index.php?rest_route=%2Fwp%2Fv2%2Fmedia&parent=40362"}],"wp:term":[{"taxonomy":"category","embeddable":true,"href":"https:\/\/ciudadtrujillo.com\/index.php?rest_route=%2Fwp%2Fv2%2Fcategories&post=40362"},{"taxonomy":"post_tag","embeddable":true,"href":"https:\/\/ciudadtrujillo.com\/index.php?rest_route=%2Fwp%2Fv2%2Ftags&post=40362"}],"curies":[{"name":"wp","href":"https:\/\/api.w.org\/{rel}","templated":true}]}}