{"id":40334,"date":"2024-11-18T21:47:24","date_gmt":"2024-11-19T01:47:24","guid":{"rendered":"https:\/\/ciudadtrujillo.com\/?p=40334"},"modified":"2024-11-18T21:47:24","modified_gmt":"2024-11-19T01:47:24","slug":"presidente-nicolas-maduro-elevemos-la-guardia-para-estar-vigilante-de-la-paz-de-venezuela","status":"publish","type":"post","link":"https:\/\/ciudadtrujillo.com\/?p=40334","title":{"rendered":"Presidente Nicol\u00e1s Maduro: Elevemos la guardia para estar vigilante de la Paz de Venezuela"},"content":{"rendered":"<p style=\"text-align: justify;\">El Presidente de la Rep\u00fablica Bolivariana de Venezuela, Nicol\u00e1s Maduro Moros, realiz\u00f3 un llamado a los venezolanos a elevar la guardia \u00abpara estar vigilante de la paz en todo el territorio del pa\u00eds, cuidando a Venezuela de las locuras delirantes del imperio gringo\u00bb en un mensaje publicado en su canal de Telegram.<br \/>\nEl jefe de Estado exclam\u00f3 que todos deben estar en \u00abEquilibrio\u00bb. Asimismo, destac\u00f3 que en el acto de clausura del Gran Congreso del Bloque Hist\u00f3rico Bolivariano estuvieron presente cinco generaciones con una \u00abfuerza tel\u00farica de la espiritualidad, que solo llevamos nosotros; somos el gran bloque robusto, genuino y original de la patria venezolana, latinoamericana y caribe\u00f1a\u00bb.<\/p>\n<p style=\"text-align: justify;\">\u00abUn congreso para definir, articular, renovar todo y crear fuerzas populares nuevas. Con la f\u00f3rmula virtuosa 5G + 7F = 7T.NETS, para que termine de nacer lo que tiene que nacer\u00bb, afirm\u00f3 el mandatario nacional. Este encuentro se dio despu\u00e9s de m\u00e1s de 101 mil asambleas populares y con la participaci\u00f3n de m\u00e1s de 3 millones 600 mil hombres y mujeres, en pro del derecho de \u00abVenezuela a existir, vivir y desarrollarse\u00bb.<\/p>\n<p style=\"text-align: justify;\">\u00abFijamos el horizonte para una nueva etapa de transici\u00f3n al socialismo; hay una nueva \u00e9poca en la humanidad, hacia un mundo pluripolar y multic\u00e9ntrico; es un momento definitorio, por eso estamos en los BRICS\u00bb.<\/p>\n<p style=\"text-align: justify;\">Adem\u00e1s, Nicol\u00e1s Maduro record\u00f3 que el d\u00eda de ayer convoc\u00f3 para este lunes 18 de noviembre a los jefes de los Poderes P\u00fablicos del pa\u00eds, incluido el Poder Popular Organizado y el Poder Militar, a una reuni\u00f3n en Miraflores para discutir los pormenores de la selecci\u00f3n de los jueces de paz en los circuitos comunales, programada para el 15 de diciembre pr\u00f3ximo, y celebrar los 25 a\u00f1os de la Constituci\u00f3n de la Rep\u00fablica Bolivariana de Venezuela.<\/p>\n<p style=\"text-align: justify;\">\u00abEl 15 de diciembre vamos a las elecciones de los jueces de paz en los cinco mil circuitos comunales, 5 mil territorios, y he convocado al lunes al mediod\u00eda la reuni\u00f3n de los cinco Poderes Constitucionales, el Poder Legislativo, el Judicial, el Poder Electoral, el Ciudadano, y como jefe de Estado y de Gobierno, el Poder Ejecutivo, m\u00e1s el Poder Popular y el Militar, para ver esta hermosura, para que haya justicia y elegir los jueces de paz para el pueblo y con el pueblo, en el nuevo Estado Comunal\u00bb.<\/p>\n<p style=\"text-align: justify;\">En este evento, el mandatario nacional tambi\u00e9n anunci\u00f3 la formaci\u00f3n de una comisi\u00f3n especial del Congreso del Bloque Hist\u00f3rico con el objetivo de establecer una entidad que se presente ante la AN para examinar el proyecto de la Ley de Presupuesto 2025 y evaluar la posibilidad de transformarlo en un presupuesto de naturaleza comunitaria. \u00abQuiero que el presupuesto de la Naci\u00f3n 2025 se convierta en el Primer Presupuesto del Estado Comunal. \u00a1De las bases a la Asamblea Nacional!\u00bb.<\/p>\n<p>&nbsp;<\/p>\n<p>&nbsp;<\/p>\n<h6>VTV<\/h6>\n","protected":false},"excerpt":{"rendered":"<p>El Presidente de la Rep\u00fablica Bolivariana de Venezuela, Nicol\u00e1s Maduro Moros, realiz\u00f3 un llamado a los venezolanos a elevar la guardia \u00abpara estar vigilante de la paz en todo el&hellip; <\/p>\n","protected":false},"author":7,"featured_media":40335,"comment_status":"closed","ping_status":"closed","sticky":false,"template":"","format":"standard","meta":{"footnotes":""},"categories":[41],"tags":[],"class_list":["post-40334","post","type-post","status-publish","format-standard","has-post-thumbnail","hentry","category-pais"],"_links":{"self":[{"href":"https:\/\/ciudadtrujillo.com\/index.php?rest_route=\/wp\/v2\/posts\/40334","targetHints":{"allow":["GET"]}}],"collection":[{"href":"https:\/\/ciudadtrujillo.com\/index.php?rest_route=\/wp\/v2\/posts"}],"about":[{"href":"https:\/\/ciudadtrujillo.com\/index.php?rest_route=\/wp\/v2\/types\/post"}],"author":[{"embeddable":true,"href":"https:\/\/ciudadtrujillo.com\/index.php?rest_route=\/wp\/v2\/users\/7"}],"replies":[{"embeddable":true,"href":"https:\/\/ciudadtrujillo.com\/index.php?rest_route=%2Fwp%2Fv2%2Fcomments&post=40334"}],"version-history":[{"count":1,"href":"https:\/\/ciudadtrujillo.com\/index.php?rest_route=\/wp\/v2\/posts\/40334\/revisions"}],"predecessor-version":[{"id":40336,"href":"https:\/\/ciudadtrujillo.com\/index.php?rest_route=\/wp\/v2\/posts\/40334\/revisions\/40336"}],"wp:featuredmedia":[{"embeddable":true,"href":"https:\/\/ciudadtrujillo.com\/index.php?rest_route=\/wp\/v2\/media\/40335"}],"wp:attachment":[{"href":"https:\/\/ciudadtrujillo.com\/index.php?rest_route=%2Fwp%2Fv2%2Fmedia&parent=40334"}],"wp:term":[{"taxonomy":"category","embeddable":true,"href":"https:\/\/ciudadtrujillo.com\/index.php?rest_route=%2Fwp%2Fv2%2Fcategories&post=40334"},{"taxonomy":"post_tag","embeddable":true,"href":"https:\/\/ciudadtrujillo.com\/index.php?rest_route=%2Fwp%2Fv2%2Ftags&post=40334"}],"curies":[{"name":"wp","href":"https:\/\/api.w.org\/{rel}","templated":true}]}}